{"id":6682,"date":"2025-08-13T18:00:10","date_gmt":"2025-08-13T16:00:10","guid":{"rendered":"http:\/\/soldatenschicksale.de\/?p=6682"},"modified":"2025-08-12T15:49:49","modified_gmt":"2025-08-12T13:49:49","slug":"die-kriegsgraeber-von-markirch-teil-4-sebastian-lohner","status":"publish","type":"post","link":"http:\/\/soldatenschicksale.de\/?p=6682","title":{"rendered":"Die Kriegsgr\u00e4ber von Markirch &#8211; Teil 4: Sebastian Lohner"},"content":{"rendered":"<p>Der Soldat Sebastian Lohner wurde am 19.01.1896 in der bayerischen Gemeinde <a href=\"https:\/\/de.wikipedia.org\/wiki\/Inchenhofen\" target=\"_blank\" rel=\"noopener\">Inchenhofen<\/a>. Im Ersten Weltkrieg k\u00e4mpfte er als Infanterist in der 2. Kompanie des 3. bayerischen Infanterie-Regiments. Am 20.03.1917 starb er w\u00e4hrend der K\u00e4mpfe in den Vogesen nahe der Stadt <a href=\"https:\/\/de.wikipedia.org\/wiki\/Sainte-Marie-aux-Mines\" target=\"_blank\" rel=\"noopener\">Markirch<\/a> (franz\u00f6sisch: Sainte-Marie-aux-Mines) an einer Krankheit. Sebastian Lohner wurde 21 Jahre alt.<\/p>\n<p>Man begrub Sebastian Lohner auf dem Soldatenfriedhof <span data-sheets-root=\"1\"><a class=\"in-cell-link\" href=\"https:\/\/goo.gl\/maps\/iaaNf6puZKt\" target=\"_blank\" rel=\"noopener\">Ste.-Marie-aux-Mines<\/a><\/span> in <span data-sheets-root=\"1\">Block 1, Grab 26.<\/span><\/p>\n<p>In seiner Heimatgemeinde Inchenhofen gedenkt man Sebastian Lohner noch heute auf einem Denkmal: <a href=\"http:\/\/www.denkmalprojekt.org\/2021\/inchenhofen_lk-aichach-friedberg_wk1_wk2_by.html\" target=\"_blank\" rel=\"noopener\">http:\/\/www.denkmalprojekt.org\/2021\/inchenhofen_lk-aichach-friedberg_wk1_wk2_by.html<\/a><\/p>\n<figure id=\"attachment_6683\" aria-describedby=\"caption-attachment-6683\" style=\"width: 753px\" class=\"wp-caption aligncenter\"><img loading=\"lazy\" decoding=\"async\" class=\"size-full wp-image-6683\" src=\"http:\/\/soldatenschicksale.de\/wp-content\/uploads\/2025\/08\/Sebastian-Lohner.jpg\" alt=\"\" width=\"753\" height=\"800\" srcset=\"http:\/\/soldatenschicksale.de\/wp-content\/uploads\/2025\/08\/Sebastian-Lohner.jpg 753w, http:\/\/soldatenschicksale.de\/wp-content\/uploads\/2025\/08\/Sebastian-Lohner-282x300.jpg 282w\" sizes=\"auto, (max-width: 709px) 85vw, (max-width: 909px) 67vw, (max-width: 984px) 61vw, (max-width: 1362px) 45vw, 600px\" \/><figcaption id=\"caption-attachment-6683\" class=\"wp-caption-text\">Das Grab von Sebastian Lohner auf dem Soldatenfriedhof Markirch (franz\u00f6sisch: Sainte-Marie-aux-Mines)<\/figcaption><\/figure>\n","protected":false},"excerpt":{"rendered":"<p>Der Soldat Sebastian Lohner wurde am 19.01.1896 in der bayerischen Gemeinde Inchenhofen. Im Ersten Weltkrieg k\u00e4mpfte er als Infanterist in der 2. Kompanie des 3. bayerischen Infanterie-Regiments. Am 20.03.1917 starb er w\u00e4hrend der K\u00e4mpfe in den Vogesen nahe der Stadt Markirch (franz\u00f6sisch: Sainte-Marie-aux-Mines) an einer Krankheit. Sebastian Lohner wurde 21 Jahre alt. Man begrub Sebastian &hellip; <a href=\"http:\/\/soldatenschicksale.de\/?p=6682\" class=\"more-link\"><span class=\"screen-reader-text\">\u201eDie Kriegsgr\u00e4ber von Markirch &#8211; Teil 4: Sebastian Lohner\u201c <\/span>weiterlesen<\/a><\/p>\n","protected":false},"author":2,"featured_media":0,"comment_status":"closed","ping_status":"open","sticky":false,"template":"","format":"standard","meta":{"footnotes":"","_wp_rev_ctl_limit":""},"categories":[1007,76,988,468,75],"tags":[2285,21,30,303,78,990,2284,178,2227,2239,2226,306,239],"class_list":["post-6682","post","type-post","status-publish","format-standard","hentry","category-1-weltkrieg","category-frankreich","category-grand-est","category-vogesen-elsass","category-westfront","tag-3-bayerisches-infanterie-regiment","tag-bayern","tag-denkmal","tag-elsass","tag-frankreich","tag-grand-est","tag-inchenhofen","tag-krankheit","tag-markirch","tag-sainte-marie-aux-mines","tag-ste-marie-aux-mines","tag-vogesen","tag-westfront"],"_links":{"self":[{"href":"http:\/\/soldatenschicksale.de\/index.php?rest_route=\/wp\/v2\/posts\/6682","targetHints":{"allow":["GET"]}}],"collection":[{"href":"http:\/\/soldatenschicksale.de\/index.php?rest_route=\/wp\/v2\/posts"}],"about":[{"href":"http:\/\/soldatenschicksale.de\/index.php?rest_route=\/wp\/v2\/types\/post"}],"author":[{"embeddable":true,"href":"http:\/\/soldatenschicksale.de\/index.php?rest_route=\/wp\/v2\/users\/2"}],"replies":[{"embeddable":true,"href":"http:\/\/soldatenschicksale.de\/index.php?rest_route=%2Fwp%2Fv2%2Fcomments&post=6682"}],"version-history":[{"count":3,"href":"http:\/\/soldatenschicksale.de\/index.php?rest_route=\/wp\/v2\/posts\/6682\/revisions"}],"predecessor-version":[{"id":6687,"href":"http:\/\/soldatenschicksale.de\/index.php?rest_route=\/wp\/v2\/posts\/6682\/revisions\/6687"}],"wp:attachment":[{"href":"http:\/\/soldatenschicksale.de\/index.php?rest_route=%2Fwp%2Fv2%2Fmedia&parent=6682"}],"wp:term":[{"taxonomy":"category","embeddable":true,"href":"http:\/\/soldatenschicksale.de\/index.php?rest_route=%2Fwp%2Fv2%2Fcategories&post=6682"},{"taxonomy":"post_tag","embeddable":true,"href":"http:\/\/soldatenschicksale.de\/index.php?rest_route=%2Fwp%2Fv2%2Ftags&post=6682"}],"curies":[{"name":"wp","href":"https:\/\/api.w.org\/{rel}","templated":true}]}}