{"id":6714,"date":"2025-08-14T18:00:52","date_gmt":"2025-08-14T16:00:52","guid":{"rendered":"http:\/\/soldatenschicksale.de\/?p=6714"},"modified":"2025-08-13T16:37:00","modified_gmt":"2025-08-13T14:37:00","slug":"die-kriegsgraeber-von-markirch-teil-8-hans-knoernschild","status":"publish","type":"post","link":"http:\/\/soldatenschicksale.de\/?p=6714","title":{"rendered":"Die Kriegsgr\u00e4ber von Markirch \u2013 Teil 8: Hans Kn\u00f6rnschild"},"content":{"rendered":"<p>Der Soldat Hans Kn\u00f6rnschild stammte aus Lornthal in Bayern. Im Ersten Weltkrieg k\u00e4mpfte er als Kanonier. Am 04.05.1918 fiel er w\u00e4hrend der K\u00e4mpfe in den Vogesen nahe der Stadt <a href=\"https:\/\/de.wikipedia.org\/wiki\/Sainte-Marie-aux-Mines\" target=\"_blank\" rel=\"noopener\">Markirch<\/a> (franz\u00f6sisch: Sainte-Marie-aux-Mines).<\/p>\n<p>Man begrub Hans Kn\u00f6rnschild auf dem Soldatenfriedhof <span data-sheets-root=\"1\"><a class=\"in-cell-link\" href=\"https:\/\/goo.gl\/maps\/iaaNf6puZKt\" target=\"_blank\" rel=\"noopener\">Ste.-Marie-aux-Mines<\/a><\/span> in Block 1, Grab 61.<\/p>\n<p>In seiner Heimatgemeinde <a href=\"https:\/\/de.wikipedia.org\/wiki\/Naila\" target=\"_blank\" rel=\"noopener\">Naila<\/a> gedenkt man Hans Kn\u00f6rnschild noch heute auf einem Denkmal: <a href=\"http:\/\/www.denkmalprojekt.org\/2013\/naila_ev.-stadtkirche_lk-hof_oberfranken_bay.html\" target=\"_blank\" rel=\"noopener\">http:\/\/www.denkmalprojekt.org\/2013\/naila_ev.-stadtkirche_lk-hof_oberfranken_bay.html<\/a><\/p>\n<figure id=\"attachment_6715\" aria-describedby=\"caption-attachment-6715\" style=\"width: 645px\" class=\"wp-caption aligncenter\"><img loading=\"lazy\" decoding=\"async\" class=\"size-full wp-image-6715\" src=\"http:\/\/soldatenschicksale.de\/wp-content\/uploads\/2025\/08\/Hans-Knoernschild.jpg\" alt=\"\" width=\"645\" height=\"800\" srcset=\"http:\/\/soldatenschicksale.de\/wp-content\/uploads\/2025\/08\/Hans-Knoernschild.jpg 645w, http:\/\/soldatenschicksale.de\/wp-content\/uploads\/2025\/08\/Hans-Knoernschild-242x300.jpg 242w\" sizes=\"auto, (max-width: 709px) 85vw, (max-width: 909px) 67vw, (max-width: 984px) 61vw, (max-width: 1362px) 45vw, 600px\" \/><figcaption id=\"caption-attachment-6715\" class=\"wp-caption-text\">Das Grab von Hans Kn\u00f6rnschild auf dem Soldatenfriedhof Markirch (franz\u00f6sisch: Ste.-Marie-aux-Mines)<\/figcaption><\/figure>\n<p>&nbsp;<\/p>\n","protected":false},"excerpt":{"rendered":"<p>Der Soldat Hans Kn\u00f6rnschild stammte aus Lornthal in Bayern. Im Ersten Weltkrieg k\u00e4mpfte er als Kanonier. Am 04.05.1918 fiel er w\u00e4hrend der K\u00e4mpfe in den Vogesen nahe der Stadt Markirch (franz\u00f6sisch: Sainte-Marie-aux-Mines). Man begrub Hans Kn\u00f6rnschild auf dem Soldatenfriedhof Ste.-Marie-aux-Mines in Block 1, Grab 61. In seiner Heimatgemeinde Naila gedenkt man Hans Kn\u00f6rnschild noch heute &hellip; <a href=\"http:\/\/soldatenschicksale.de\/?p=6714\" class=\"more-link\"><span class=\"screen-reader-text\">\u201eDie Kriegsgr\u00e4ber von Markirch \u2013 Teil 8: Hans Kn\u00f6rnschild\u201c <\/span>weiterlesen<\/a><\/p>\n","protected":false},"author":2,"featured_media":0,"comment_status":"closed","ping_status":"open","sticky":false,"template":"","format":"standard","meta":{"footnotes":"","_wp_rev_ctl_limit":""},"categories":[1007,76,988,468,75],"tags":[21,30,303,78,990,747,2290,2239,2226,306,239],"class_list":["post-6714","post","type-post","status-publish","format-standard","hentry","category-1-weltkrieg","category-frankreich","category-grand-est","category-vogesen-elsass","category-westfront","tag-bayern","tag-denkmal","tag-elsass","tag-frankreich","tag-grand-est","tag-kanonier","tag-lornthal","tag-sainte-marie-aux-mines","tag-ste-marie-aux-mines","tag-vogesen","tag-westfront"],"_links":{"self":[{"href":"http:\/\/soldatenschicksale.de\/index.php?rest_route=\/wp\/v2\/posts\/6714","targetHints":{"allow":["GET"]}}],"collection":[{"href":"http:\/\/soldatenschicksale.de\/index.php?rest_route=\/wp\/v2\/posts"}],"about":[{"href":"http:\/\/soldatenschicksale.de\/index.php?rest_route=\/wp\/v2\/types\/post"}],"author":[{"embeddable":true,"href":"http:\/\/soldatenschicksale.de\/index.php?rest_route=\/wp\/v2\/users\/2"}],"replies":[{"embeddable":true,"href":"http:\/\/soldatenschicksale.de\/index.php?rest_route=%2Fwp%2Fv2%2Fcomments&post=6714"}],"version-history":[{"count":3,"href":"http:\/\/soldatenschicksale.de\/index.php?rest_route=\/wp\/v2\/posts\/6714\/revisions"}],"predecessor-version":[{"id":6719,"href":"http:\/\/soldatenschicksale.de\/index.php?rest_route=\/wp\/v2\/posts\/6714\/revisions\/6719"}],"wp:attachment":[{"href":"http:\/\/soldatenschicksale.de\/index.php?rest_route=%2Fwp%2Fv2%2Fmedia&parent=6714"}],"wp:term":[{"taxonomy":"category","embeddable":true,"href":"http:\/\/soldatenschicksale.de\/index.php?rest_route=%2Fwp%2Fv2%2Fcategories&post=6714"},{"taxonomy":"post_tag","embeddable":true,"href":"http:\/\/soldatenschicksale.de\/index.php?rest_route=%2Fwp%2Fv2%2Ftags&post=6714"}],"curies":[{"name":"wp","href":"https:\/\/api.w.org\/{rel}","templated":true}]}}