{"id":6726,"date":"2025-08-15T12:00:15","date_gmt":"2025-08-15T10:00:15","guid":{"rendered":"http:\/\/soldatenschicksale.de\/?p=6726"},"modified":"2025-08-14T17:15:48","modified_gmt":"2025-08-14T15:15:48","slug":"die-kriegsgraeber-von-markirch-teil-8-hans-knoernschild-auswaehlen-die-kriegsgraeber-von-markirch-teil-8","status":"publish","type":"post","link":"http:\/\/soldatenschicksale.de\/?p=6726","title":{"rendered":"Die Kriegsgr\u00e4ber von Markirch \u2013 Teil 9: Karl Wieber"},"content":{"rendered":"<p>Der Soldat Karl Wieber k\u00e4mpfte im Ersten Weltkrieg als Gefreiter. Am\u00a0 25.02.1915 fiel er w\u00e4hrend der K\u00e4mpfe in den Vogesen nahe der Stadt <a href=\"https:\/\/de.wikipedia.org\/wiki\/Sainte-Marie-aux-Mines\" target=\"_blank\" rel=\"noopener\">Markirch<\/a> (franz\u00f6sisch: Sainte-Marie-aux-Mines).<\/p>\n<p>Man begrub Karl Wieber auf dem Soldatenfriedhof <span data-sheets-root=\"1\"><a class=\"in-cell-link\" href=\"https:\/\/goo.gl\/maps\/iaaNf6puZKt\" target=\"_blank\" rel=\"noopener\">Ste.-Marie-aux-Mines<\/a><\/span> in <span data-sheets-root=\"1\">Block 1, Grab 59.<\/span><\/p>\n<figure id=\"attachment_6729\" aria-describedby=\"caption-attachment-6729\" style=\"width: 729px\" class=\"wp-caption aligncenter\"><img loading=\"lazy\" decoding=\"async\" class=\"size-full wp-image-6729\" src=\"http:\/\/soldatenschicksale.de\/wp-content\/uploads\/2025\/08\/Karl-Wieber-Gustav-Schoenknecht.jpg\" alt=\"\" width=\"729\" height=\"800\" srcset=\"http:\/\/soldatenschicksale.de\/wp-content\/uploads\/2025\/08\/Karl-Wieber-Gustav-Schoenknecht.jpg 729w, http:\/\/soldatenschicksale.de\/wp-content\/uploads\/2025\/08\/Karl-Wieber-Gustav-Schoenknecht-273x300.jpg 273w\" sizes=\"auto, (max-width: 709px) 85vw, (max-width: 909px) 67vw, (max-width: 984px) 61vw, (max-width: 1362px) 45vw, 600px\" \/><figcaption id=\"caption-attachment-6729\" class=\"wp-caption-text\">Das Grab von Karl Wieber und Gustav Sch\u00f6nknecht auf dem Soldatenfriedhof M\u00fcnster<\/figcaption><\/figure>\n","protected":false},"excerpt":{"rendered":"<p>Der Soldat Karl Wieber k\u00e4mpfte im Ersten Weltkrieg als Gefreiter. Am\u00a0 25.02.1915 fiel er w\u00e4hrend der K\u00e4mpfe in den Vogesen nahe der Stadt Markirch (franz\u00f6sisch: Sainte-Marie-aux-Mines). Man begrub Karl Wieber auf dem Soldatenfriedhof Ste.-Marie-aux-Mines in Block 1, Grab 59.<\/p>\n","protected":false},"author":2,"featured_media":0,"comment_status":"closed","ping_status":"open","sticky":false,"template":"","format":"standard","meta":{"footnotes":"","_wp_rev_ctl_limit":""},"categories":[1007,76,988,468,75],"tags":[303,78,11,990,2227,2239,2226,2273,306,239],"class_list":["post-6726","post","type-post","status-publish","format-standard","hentry","category-1-weltkrieg","category-frankreich","category-grand-est","category-vogesen-elsass","category-westfront","tag-elsass","tag-frankreich","tag-gefreiter","tag-grand-est","tag-markirch","tag-sainte-marie-aux-mines","tag-ste-marie-aux-mines","tag-unbekannte-truppenzugehoerigkeit","tag-vogesen","tag-westfront"],"_links":{"self":[{"href":"http:\/\/soldatenschicksale.de\/index.php?rest_route=\/wp\/v2\/posts\/6726","targetHints":{"allow":["GET"]}}],"collection":[{"href":"http:\/\/soldatenschicksale.de\/index.php?rest_route=\/wp\/v2\/posts"}],"about":[{"href":"http:\/\/soldatenschicksale.de\/index.php?rest_route=\/wp\/v2\/types\/post"}],"author":[{"embeddable":true,"href":"http:\/\/soldatenschicksale.de\/index.php?rest_route=\/wp\/v2\/users\/2"}],"replies":[{"embeddable":true,"href":"http:\/\/soldatenschicksale.de\/index.php?rest_route=%2Fwp%2Fv2%2Fcomments&post=6726"}],"version-history":[{"count":3,"href":"http:\/\/soldatenschicksale.de\/index.php?rest_route=\/wp\/v2\/posts\/6726\/revisions"}],"predecessor-version":[{"id":6731,"href":"http:\/\/soldatenschicksale.de\/index.php?rest_route=\/wp\/v2\/posts\/6726\/revisions\/6731"}],"wp:attachment":[{"href":"http:\/\/soldatenschicksale.de\/index.php?rest_route=%2Fwp%2Fv2%2Fmedia&parent=6726"}],"wp:term":[{"taxonomy":"category","embeddable":true,"href":"http:\/\/soldatenschicksale.de\/index.php?rest_route=%2Fwp%2Fv2%2Fcategories&post=6726"},{"taxonomy":"post_tag","embeddable":true,"href":"http:\/\/soldatenschicksale.de\/index.php?rest_route=%2Fwp%2Fv2%2Ftags&post=6726"}],"curies":[{"name":"wp","href":"https:\/\/api.w.org\/{rel}","templated":true}]}}