{"id":6732,"date":"2025-08-15T12:00:55","date_gmt":"2025-08-15T10:00:55","guid":{"rendered":"http:\/\/soldatenschicksale.de\/?p=6732"},"modified":"2025-08-14T20:12:13","modified_gmt":"2025-08-14T18:12:13","slug":"die-kriegsgraeber-von-markirch-teil-10-gustav-schoenknecht","status":"publish","type":"post","link":"http:\/\/soldatenschicksale.de\/?p=6732","title":{"rendered":"Die Kriegsgr\u00e4ber von Markirch \u2013 Teil 10: Gustav Sch\u00f6nknecht"},"content":{"rendered":"<p>Der Soldat Gustav Sch\u00f6nknecht stammte aus <a href=\"https:\/\/maps.app.goo.gl\/5JaFM9TQrzg8BDxB6\" target=\"_blank\" rel=\"noopener\">Lawaldau<\/a> (seit 1945 polnisch: Racula). Im Ersten Weltkrieg k\u00e4mpfte er als Unteroffizier. Am 20.10.1916 fiel er w\u00e4hrend der K\u00e4mpfe in den Vogesen nahe der Stadt <a href=\"https:\/\/de.wikipedia.org\/wiki\/Sainte-Marie-aux-Mines\" target=\"_blank\" rel=\"noopener\">Markirch<\/a> (franz\u00f6sisch: Sainte-Marie-aux-Mines).<\/p>\n<p>Man begrub Gustav Sch\u00f6nknecht auf dem Soldatenfriedhof <span data-sheets-root=\"1\"><a class=\"in-cell-link\" href=\"https:\/\/goo.gl\/maps\/iaaNf6puZKt\" target=\"_blank\" rel=\"noopener\">Ste.-Marie-aux-Mines<\/a><\/span> in <span data-sheets-root=\"1\">Block 1, Grab 60.<\/span><\/p>\n<figure id=\"attachment_6729\" aria-describedby=\"caption-attachment-6729\" style=\"width: 729px\" class=\"wp-caption aligncenter\"><img loading=\"lazy\" decoding=\"async\" class=\"size-full wp-image-6729\" src=\"http:\/\/soldatenschicksale.de\/wp-content\/uploads\/2025\/08\/Karl-Wieber-Gustav-Schoenknecht.jpg\" alt=\"\" width=\"729\" height=\"800\" srcset=\"http:\/\/soldatenschicksale.de\/wp-content\/uploads\/2025\/08\/Karl-Wieber-Gustav-Schoenknecht.jpg 729w, http:\/\/soldatenschicksale.de\/wp-content\/uploads\/2025\/08\/Karl-Wieber-Gustav-Schoenknecht-273x300.jpg 273w\" sizes=\"auto, (max-width: 709px) 85vw, (max-width: 909px) 67vw, (max-width: 984px) 61vw, (max-width: 1362px) 45vw, 600px\" \/><figcaption id=\"caption-attachment-6729\" class=\"wp-caption-text\">Das Grab von Karl Wieber und Gustav Sch\u00f6nknecht auf dem Soldatenfriedhof M\u00fcnster<\/figcaption><\/figure>\n","protected":false},"excerpt":{"rendered":"<p>Der Soldat Gustav Sch\u00f6nknecht stammte aus Lawaldau (seit 1945 polnisch: Racula). Im Ersten Weltkrieg k\u00e4mpfte er als Unteroffizier. Am 20.10.1916 fiel er w\u00e4hrend der K\u00e4mpfe in den Vogesen nahe der Stadt Markirch (franz\u00f6sisch: Sainte-Marie-aux-Mines). Man begrub Gustav Sch\u00f6nknecht auf dem Soldatenfriedhof Ste.-Marie-aux-Mines in Block 1, Grab 60.<\/p>\n","protected":false},"author":2,"featured_media":0,"comment_status":"closed","ping_status":"open","sticky":false,"template":"","format":"standard","meta":{"footnotes":"","_wp_rev_ctl_limit":""},"categories":[1007,76,988,468,75],"tags":[303,78,990,2293,203,2292,2239,2226,100,306,239],"class_list":["post-6732","post","type-post","status-publish","format-standard","hentry","category-1-weltkrieg","category-frankreich","category-grand-est","category-vogesen-elsass","category-westfront","tag-elsass","tag-frankreich","tag-grand-est","tag-lawaldau","tag-polen","tag-racula","tag-sainte-marie-aux-mines","tag-ste-marie-aux-mines","tag-unteroffizier","tag-vogesen","tag-westfront"],"_links":{"self":[{"href":"http:\/\/soldatenschicksale.de\/index.php?rest_route=\/wp\/v2\/posts\/6732","targetHints":{"allow":["GET"]}}],"collection":[{"href":"http:\/\/soldatenschicksale.de\/index.php?rest_route=\/wp\/v2\/posts"}],"about":[{"href":"http:\/\/soldatenschicksale.de\/index.php?rest_route=\/wp\/v2\/types\/post"}],"author":[{"embeddable":true,"href":"http:\/\/soldatenschicksale.de\/index.php?rest_route=\/wp\/v2\/users\/2"}],"replies":[{"embeddable":true,"href":"http:\/\/soldatenschicksale.de\/index.php?rest_route=%2Fwp%2Fv2%2Fcomments&post=6732"}],"version-history":[{"count":3,"href":"http:\/\/soldatenschicksale.de\/index.php?rest_route=\/wp\/v2\/posts\/6732\/revisions"}],"predecessor-version":[{"id":6737,"href":"http:\/\/soldatenschicksale.de\/index.php?rest_route=\/wp\/v2\/posts\/6732\/revisions\/6737"}],"wp:attachment":[{"href":"http:\/\/soldatenschicksale.de\/index.php?rest_route=%2Fwp%2Fv2%2Fmedia&parent=6732"}],"wp:term":[{"taxonomy":"category","embeddable":true,"href":"http:\/\/soldatenschicksale.de\/index.php?rest_route=%2Fwp%2Fv2%2Fcategories&post=6732"},{"taxonomy":"post_tag","embeddable":true,"href":"http:\/\/soldatenschicksale.de\/index.php?rest_route=%2Fwp%2Fv2%2Ftags&post=6732"}],"curies":[{"name":"wp","href":"https:\/\/api.w.org\/{rel}","templated":true}]}}