{"id":6785,"date":"2025-08-17T09:00:32","date_gmt":"2025-08-17T07:00:32","guid":{"rendered":"http:\/\/soldatenschicksale.de\/?p=6785"},"modified":"2025-08-16T15:05:52","modified_gmt":"2025-08-16T13:05:52","slug":"die-kriegsgraeber-von-markirch-teil-16-willy-overhoff","status":"publish","type":"post","link":"http:\/\/soldatenschicksale.de\/?p=6785","title":{"rendered":"Die Kriegsgr\u00e4ber von Markirch \u2013 Teil 16: Willy Overhoff"},"content":{"rendered":"<p>Der Soldat Willy Overhoff stammte aus <a href=\"https:\/\/de.wikipedia.org\/wiki\/Aplerbeck\" target=\"_blank\" rel=\"noopener\">Aplerbeck<\/a>, einem Stadtteil von <a href=\"https:\/\/de.wikipedia.org\/wiki\/Dortmund\" target=\"_blank\" rel=\"noopener\">Dortmund<\/a> im heutigen Bundesland Nordrhein-Westfalen. Im Ersten Weltkrieg diente er als Fernsprechmeister (Verlustliste: Gefreiter) in der 15. Reserve-Fernsprech-Abteilung. Am 01.05.1916 fiel er w\u00e4hrend der K\u00e4mpfe in den Vogesen nahe der Stadt <a href=\"https:\/\/de.wikipedia.org\/wiki\/Sainte-Marie-aux-Mines\" target=\"_blank\" rel=\"noopener\">Markirch<\/a> (franz\u00f6sisch: Sainte-Marie-aux-Mines).38<\/p>\n<p>Man begrub Willy Overhoff auf dem Soldatenfriedhof <span data-sheets-root=\"1\"><a class=\"in-cell-link\" href=\"https:\/\/goo.gl\/maps\/iaaNf6puZKt\" target=\"_blank\" rel=\"noopener\">Ste.-Marie-aux-Mines<\/a><\/span> in <span data-sheets-root=\"1\">Block 1, Grab 22.<\/span><\/p>\n<figure id=\"attachment_6784\" aria-describedby=\"caption-attachment-6784\" style=\"width: 692px\" class=\"wp-caption aligncenter\"><img loading=\"lazy\" decoding=\"async\" class=\"size-full wp-image-6784\" src=\"http:\/\/soldatenschicksale.de\/wp-content\/uploads\/2025\/08\/Willy-Overhoff.jpg\" alt=\"\" width=\"692\" height=\"800\" srcset=\"http:\/\/soldatenschicksale.de\/wp-content\/uploads\/2025\/08\/Willy-Overhoff.jpg 692w, http:\/\/soldatenschicksale.de\/wp-content\/uploads\/2025\/08\/Willy-Overhoff-260x300.jpg 260w\" sizes=\"auto, (max-width: 709px) 85vw, (max-width: 909px) 67vw, (max-width: 984px) 61vw, (max-width: 1362px) 45vw, 600px\" \/><figcaption id=\"caption-attachment-6784\" class=\"wp-caption-text\">Das Grab von Willy Overhoff auf dem Soldatenfriedhof Markirch (Sainte-Marie-aux-Mines)<\/figcaption><\/figure>\n","protected":false},"excerpt":{"rendered":"<p>Der Soldat Willy Overhoff stammte aus Aplerbeck, einem Stadtteil von Dortmund im heutigen Bundesland Nordrhein-Westfalen. Im Ersten Weltkrieg diente er als Fernsprechmeister (Verlustliste: Gefreiter) in der 15. Reserve-Fernsprech-Abteilung. Am 01.05.1916 fiel er w\u00e4hrend der K\u00e4mpfe in den Vogesen nahe der Stadt Markirch (franz\u00f6sisch: Sainte-Marie-aux-Mines).38 Man begrub Willy Overhoff auf dem Soldatenfriedhof Ste.-Marie-aux-Mines in Block 1, &hellip; <a href=\"http:\/\/soldatenschicksale.de\/?p=6785\" class=\"more-link\"><span class=\"screen-reader-text\">\u201eDie Kriegsgr\u00e4ber von Markirch \u2013 Teil 16: Willy Overhoff\u201c <\/span>weiterlesen<\/a><\/p>\n","protected":false},"author":2,"featured_media":0,"comment_status":"closed","ping_status":"open","sticky":false,"template":"","format":"standard","meta":{"footnotes":"","_wp_rev_ctl_limit":""},"categories":[1007,76,988,468,75],"tags":[2306,733,303,2307,78,11,990,2227,7,2239,2226,1129,306,239],"class_list":["post-6785","post","type-post","status-publish","format-standard","hentry","category-1-weltkrieg","category-frankreich","category-grand-est","category-vogesen-elsass","category-westfront","tag-aplerbeck","tag-dortmund","tag-elsass","tag-fernsprechmeister","tag-frankreich","tag-gefreiter","tag-grand-est","tag-markirch","tag-nordrhein-westfalen","tag-sainte-marie-aux-mines","tag-ste-marie-aux-mines","tag-verlustliste","tag-vogesen","tag-westfront"],"_links":{"self":[{"href":"http:\/\/soldatenschicksale.de\/index.php?rest_route=\/wp\/v2\/posts\/6785","targetHints":{"allow":["GET"]}}],"collection":[{"href":"http:\/\/soldatenschicksale.de\/index.php?rest_route=\/wp\/v2\/posts"}],"about":[{"href":"http:\/\/soldatenschicksale.de\/index.php?rest_route=\/wp\/v2\/types\/post"}],"author":[{"embeddable":true,"href":"http:\/\/soldatenschicksale.de\/index.php?rest_route=\/wp\/v2\/users\/2"}],"replies":[{"embeddable":true,"href":"http:\/\/soldatenschicksale.de\/index.php?rest_route=%2Fwp%2Fv2%2Fcomments&post=6785"}],"version-history":[{"count":3,"href":"http:\/\/soldatenschicksale.de\/index.php?rest_route=\/wp\/v2\/posts\/6785\/revisions"}],"predecessor-version":[{"id":6790,"href":"http:\/\/soldatenschicksale.de\/index.php?rest_route=\/wp\/v2\/posts\/6785\/revisions\/6790"}],"wp:attachment":[{"href":"http:\/\/soldatenschicksale.de\/index.php?rest_route=%2Fwp%2Fv2%2Fmedia&parent=6785"}],"wp:term":[{"taxonomy":"category","embeddable":true,"href":"http:\/\/soldatenschicksale.de\/index.php?rest_route=%2Fwp%2Fv2%2Fcategories&post=6785"},{"taxonomy":"post_tag","embeddable":true,"href":"http:\/\/soldatenschicksale.de\/index.php?rest_route=%2Fwp%2Fv2%2Ftags&post=6785"}],"curies":[{"name":"wp","href":"https:\/\/api.w.org\/{rel}","templated":true}]}}