{"id":6863,"date":"2025-08-20T12:20:42","date_gmt":"2025-08-20T10:20:42","guid":{"rendered":"http:\/\/soldatenschicksale.de\/?p=6863"},"modified":"2025-08-19T20:22:29","modified_gmt":"2025-08-19T18:22:29","slug":"die-kriegsgraeber-von-markirch-teil-24-egon-edler-von-germersheim","status":"publish","type":"post","link":"http:\/\/soldatenschicksale.de\/?p=6863","title":{"rendered":"Die Kriegsgr\u00e4ber von Markirch \u2013 Teil 24: Egon Edler von Germersheim"},"content":{"rendered":"<p>Der Soldat Egon Edler von Germersheim wurde am 27.08.1881 in der bayerischen Stadt <a href=\"https:\/\/de.wikipedia.org\/wiki\/Neu-Ulm\" target=\"_blank\" rel=\"noopener\">Neu Ulm<\/a> geboren. Im Ersten Weltkrieg k\u00e4mpfte er als Oberleutnant in der 1. Kompanie des 10. Brigade-Ersatz-Bataillons. Er war vom 19. bayerischen Infanterie-Regiment dorthin abgeordnet worden. Am 21.08.1914 fiel er w\u00e4hrend der K\u00e4mpfe in den Vogesen nahe der Stadt <a href=\"https:\/\/de.wikipedia.org\/wiki\/Sainte-Marie-aux-Mines\" target=\"_blank\" rel=\"noopener\">Markirch<\/a> (franz\u00f6sisch: Sainte-Marie-aux-Mines).<\/p>\n<p>Man begrub Egon Edler von Germersheim auf dem Soldatenfriedhof <span data-sheets-root=\"1\"><a class=\"in-cell-link\" href=\"https:\/\/goo.gl\/maps\/iaaNf6puZKt\" target=\"_blank\" rel=\"noopener\">Ste.-Marie-aux-Mines<\/a><\/span> in <span data-sheets-root=\"1\">Block 5, Grab 78.<\/span><\/p>\n<figure id=\"attachment_6855\" aria-describedby=\"caption-attachment-6855\" style=\"width: 763px\" class=\"wp-caption aligncenter\"><img loading=\"lazy\" decoding=\"async\" class=\"size-full wp-image-6855\" src=\"http:\/\/soldatenschicksale.de\/wp-content\/uploads\/2025\/08\/Otto-Barmbichler-Karl-Drost.jpg\" alt=\"\" width=\"763\" height=\"800\" srcset=\"http:\/\/soldatenschicksale.de\/wp-content\/uploads\/2025\/08\/Otto-Barmbichler-Karl-Drost.jpg 763w, http:\/\/soldatenschicksale.de\/wp-content\/uploads\/2025\/08\/Otto-Barmbichler-Karl-Drost-286x300.jpg 286w\" sizes=\"auto, (max-width: 709px) 85vw, (max-width: 909px) 67vw, (max-width: 984px) 61vw, (max-width: 1362px) 45vw, 600px\" \/><figcaption id=\"caption-attachment-6855\" class=\"wp-caption-text\">Das Grab von Otto Barmbichler und Egon Edler von Germersheim auf dem Soldatenfriedhof Markirch (franz\u00f6sisch: Sainte-Marie-aux-Mines)<\/figcaption><\/figure>\n<p><img loading=\"lazy\" decoding=\"async\" class=\"aligncenter size-full wp-image-6864\" src=\"http:\/\/soldatenschicksale.de\/wp-content\/uploads\/2025\/08\/Theodor-Wegener-Egon-Edler-von-Germersheim.jpg\" alt=\"\" width=\"655\" height=\"800\" srcset=\"http:\/\/soldatenschicksale.de\/wp-content\/uploads\/2025\/08\/Theodor-Wegener-Egon-Edler-von-Germersheim.jpg 655w, http:\/\/soldatenschicksale.de\/wp-content\/uploads\/2025\/08\/Theodor-Wegener-Egon-Edler-von-Germersheim-246x300.jpg 246w\" sizes=\"auto, (max-width: 709px) 85vw, (max-width: 909px) 67vw, (max-width: 984px) 61vw, (max-width: 1362px) 45vw, 600px\" \/><\/p>\n","protected":false},"excerpt":{"rendered":"<p>Der Soldat Egon Edler von Germersheim wurde am 27.08.1881 in der bayerischen Stadt Neu Ulm geboren. Im Ersten Weltkrieg k\u00e4mpfte er als Oberleutnant in der 1. Kompanie des 10. Brigade-Ersatz-Bataillons. Er war vom 19. bayerischen Infanterie-Regiment dorthin abgeordnet worden. Am 21.08.1914 fiel er w\u00e4hrend der K\u00e4mpfe in den Vogesen nahe der Stadt Markirch (franz\u00f6sisch: Sainte-Marie-aux-Mines). &hellip; <a href=\"http:\/\/soldatenschicksale.de\/?p=6863\" class=\"more-link\"><span class=\"screen-reader-text\">\u201eDie Kriegsgr\u00e4ber von Markirch \u2013 Teil 24: Egon Edler von Germersheim\u201c <\/span>weiterlesen<\/a><\/p>\n","protected":false},"author":2,"featured_media":0,"comment_status":"closed","ping_status":"open","sticky":false,"template":"","format":"standard","meta":{"footnotes":"","_wp_rev_ctl_limit":""},"categories":[1007,76,988,468,75],"tags":[1032,21,303,78,990,2321,1001,2239,2226,306,239],"class_list":["post-6863","post","type-post","status-publish","format-standard","hentry","category-1-weltkrieg","category-frankreich","category-grand-est","category-vogesen-elsass","category-westfront","tag-19-bayerisches-infanterie-regiment","tag-bayern","tag-elsass","tag-frankreich","tag-grand-est","tag-neu-ulm","tag-oberleutnant","tag-sainte-marie-aux-mines","tag-ste-marie-aux-mines","tag-vogesen","tag-westfront"],"_links":{"self":[{"href":"http:\/\/soldatenschicksale.de\/index.php?rest_route=\/wp\/v2\/posts\/6863","targetHints":{"allow":["GET"]}}],"collection":[{"href":"http:\/\/soldatenschicksale.de\/index.php?rest_route=\/wp\/v2\/posts"}],"about":[{"href":"http:\/\/soldatenschicksale.de\/index.php?rest_route=\/wp\/v2\/types\/post"}],"author":[{"embeddable":true,"href":"http:\/\/soldatenschicksale.de\/index.php?rest_route=\/wp\/v2\/users\/2"}],"replies":[{"embeddable":true,"href":"http:\/\/soldatenschicksale.de\/index.php?rest_route=%2Fwp%2Fv2%2Fcomments&post=6863"}],"version-history":[{"count":3,"href":"http:\/\/soldatenschicksale.de\/index.php?rest_route=\/wp\/v2\/posts\/6863\/revisions"}],"predecessor-version":[{"id":6867,"href":"http:\/\/soldatenschicksale.de\/index.php?rest_route=\/wp\/v2\/posts\/6863\/revisions\/6867"}],"wp:attachment":[{"href":"http:\/\/soldatenschicksale.de\/index.php?rest_route=%2Fwp%2Fv2%2Fmedia&parent=6863"}],"wp:term":[{"taxonomy":"category","embeddable":true,"href":"http:\/\/soldatenschicksale.de\/index.php?rest_route=%2Fwp%2Fv2%2Fcategories&post=6863"},{"taxonomy":"post_tag","embeddable":true,"href":"http:\/\/soldatenschicksale.de\/index.php?rest_route=%2Fwp%2Fv2%2Ftags&post=6863"}],"curies":[{"name":"wp","href":"https:\/\/api.w.org\/{rel}","templated":true}]}}