{"id":6885,"date":"2025-08-21T18:00:25","date_gmt":"2025-08-21T16:00:25","guid":{"rendered":"http:\/\/soldatenschicksale.de\/?p=6885"},"modified":"2025-08-21T20:19:00","modified_gmt":"2025-08-21T18:19:00","slug":"die-kriegsgraeber-von-markirch-teil-26-matthaeus-zeller","status":"publish","type":"post","link":"http:\/\/soldatenschicksale.de\/?p=6885","title":{"rendered":"Die Kriegsgr\u00e4ber von Markirch \u2013 Teil 26: Matth\u00e4us Zeiler"},"content":{"rendered":"<p>Der Soldat Matth\u00e4us Zeiler stammte wurde am 23.07.1898 in <a href=\"https:\/\/de.wikipedia.org\/wiki\/Steinhilben\" target=\"_blank\" rel=\"noopener\">Steinhilben<\/a>, einem Statteil von <a href=\"https:\/\/de.wikipedia.org\/wiki\/Trochtelfingen\" target=\"_blank\" rel=\"noopener\">Trochtelfingen<\/a> im heutigen Bundesland Baden-W\u00fcrttemberg. Im Ersten Weltkrieg k\u00e4mpfte er als Ersatz-Reservist. Am 27.12.1916 fiel er w\u00e4hrend der K\u00e4mpfe in den Vogesen nahe der Stadt <a href=\"https:\/\/de.wikipedia.org\/wiki\/Sainte-Marie-aux-Mines\" target=\"_blank\" rel=\"noopener\">Markirch<\/a> (franz\u00f6sisch: Sainte-Marie-aux-Mines).<\/p>\n<p>Man begrub Matthias Zeiler auf dem Soldatenfriedhof\u00a0<span data-sheets-root=\"1\"><a class=\"in-cell-link\" href=\"https:\/\/goo.gl\/maps\/iaaNf6puZKt\" target=\"_blank\" rel=\"noopener\">Ste.-Marie-aux-Mines<\/a><\/span> in <span data-sheets-root=\"1\">Block 5, Grab 31.<\/span><\/p>\n<figure id=\"attachment_6886\" aria-describedby=\"caption-attachment-6886\" style=\"width: 727px\" class=\"wp-caption aligncenter\"><img loading=\"lazy\" decoding=\"async\" class=\"size-full wp-image-6886\" src=\"http:\/\/soldatenschicksale.de\/wp-content\/uploads\/2025\/08\/Matthaeus-Zeiler.jpg\" alt=\"\" width=\"727\" height=\"800\" srcset=\"http:\/\/soldatenschicksale.de\/wp-content\/uploads\/2025\/08\/Matthaeus-Zeiler.jpg 727w, http:\/\/soldatenschicksale.de\/wp-content\/uploads\/2025\/08\/Matthaeus-Zeiler-273x300.jpg 273w\" sizes=\"auto, (max-width: 709px) 85vw, (max-width: 909px) 67vw, (max-width: 984px) 61vw, (max-width: 1362px) 45vw, 600px\" \/><figcaption id=\"caption-attachment-6886\" class=\"wp-caption-text\">Das Grab von Matth\u00e4us Zeiler auf dem Soldatenfriedhof Markirch (franz\u00f6sisch: Sainte-Marie-aux-Mines)<\/figcaption><\/figure>\n","protected":false},"excerpt":{"rendered":"<p>Der Soldat Matth\u00e4us Zeiler stammte wurde am 23.07.1898 in Steinhilben, einem Statteil von Trochtelfingen im heutigen Bundesland Baden-W\u00fcrttemberg. Im Ersten Weltkrieg k\u00e4mpfte er als Ersatz-Reservist. Am 27.12.1916 fiel er w\u00e4hrend der K\u00e4mpfe in den Vogesen nahe der Stadt Markirch (franz\u00f6sisch: Sainte-Marie-aux-Mines). Man begrub Matthias Zeiler auf dem Soldatenfriedhof\u00a0Ste.-Marie-aux-Mines in Block 5, Grab 31.<\/p>\n","protected":false},"author":2,"featured_media":0,"comment_status":"closed","ping_status":"open","sticky":false,"template":"","format":"standard","meta":{"footnotes":"","_wp_rev_ctl_limit":""},"categories":[1007,76,988,468,75],"tags":[99,303,1326,78,990,2227,2239,2226,2328,2329,306,239],"class_list":["post-6885","post","type-post","status-publish","format-standard","hentry","category-1-weltkrieg","category-frankreich","category-grand-est","category-vogesen-elsass","category-westfront","tag-baden-wuerttemberg","tag-elsass","tag-ersatz-reservist","tag-frankreich","tag-grand-est","tag-markirch","tag-sainte-marie-aux-mines","tag-ste-marie-aux-mines","tag-steinfilbingen","tag-trochtelfingen","tag-vogesen","tag-westfront"],"_links":{"self":[{"href":"http:\/\/soldatenschicksale.de\/index.php?rest_route=\/wp\/v2\/posts\/6885","targetHints":{"allow":["GET"]}}],"collection":[{"href":"http:\/\/soldatenschicksale.de\/index.php?rest_route=\/wp\/v2\/posts"}],"about":[{"href":"http:\/\/soldatenschicksale.de\/index.php?rest_route=\/wp\/v2\/types\/post"}],"author":[{"embeddable":true,"href":"http:\/\/soldatenschicksale.de\/index.php?rest_route=\/wp\/v2\/users\/2"}],"replies":[{"embeddable":true,"href":"http:\/\/soldatenschicksale.de\/index.php?rest_route=%2Fwp%2Fv2%2Fcomments&post=6885"}],"version-history":[{"count":3,"href":"http:\/\/soldatenschicksale.de\/index.php?rest_route=\/wp\/v2\/posts\/6885\/revisions"}],"predecessor-version":[{"id":6889,"href":"http:\/\/soldatenschicksale.de\/index.php?rest_route=\/wp\/v2\/posts\/6885\/revisions\/6889"}],"wp:attachment":[{"href":"http:\/\/soldatenschicksale.de\/index.php?rest_route=%2Fwp%2Fv2%2Fmedia&parent=6885"}],"wp:term":[{"taxonomy":"category","embeddable":true,"href":"http:\/\/soldatenschicksale.de\/index.php?rest_route=%2Fwp%2Fv2%2Fcategories&post=6885"},{"taxonomy":"post_tag","embeddable":true,"href":"http:\/\/soldatenschicksale.de\/index.php?rest_route=%2Fwp%2Fv2%2Ftags&post=6885"}],"curies":[{"name":"wp","href":"https:\/\/api.w.org\/{rel}","templated":true}]}}