{"id":6890,"date":"2025-08-22T09:00:07","date_gmt":"2025-08-22T07:00:07","guid":{"rendered":"http:\/\/soldatenschicksale.de\/?p=6890"},"modified":"2025-08-21T20:34:40","modified_gmt":"2025-08-21T18:34:40","slug":"die-kriegsgraeber-von-markirch-teil-27-johann-pausch","status":"publish","type":"post","link":"http:\/\/soldatenschicksale.de\/?p=6890","title":{"rendered":"Die Kriegsgr\u00e4ber von Markirch \u2013 Teil 27: Johann Pausch"},"content":{"rendered":"<p>Der Soldat Johann Pausch k\u00e4mpfte im Ersten Weltkrieg als Gefreiter. Am 15.09.1915 fiel er w\u00e4hrend der K\u00e4mpfe in den Vogesen nahe der Stadt <a href=\"https:\/\/de.wikipedia.org\/wiki\/Sainte-Marie-aux-Mines\" target=\"_blank\" rel=\"noopener\">Markirch<\/a> (franz\u00f6sisch: Sainte-Marie-aux-Mines).<\/p>\n<p>Man begrub Johann Pausch auf dem Soldatenfriedhof <span data-sheets-root=\"1\"><a class=\"in-cell-link\" href=\"https:\/\/goo.gl\/maps\/iaaNf6puZKt\" target=\"_blank\" rel=\"noopener\">Ste.-Marie-aux-Mines<\/a><\/span> in <span data-sheets-root=\"1\">Block 5, Grab 76.<\/span><\/p>\n<figure id=\"attachment_6891\" aria-describedby=\"caption-attachment-6891\" style=\"width: 691px\" class=\"wp-caption aligncenter\"><img loading=\"lazy\" decoding=\"async\" class=\"size-full wp-image-6891\" src=\"http:\/\/soldatenschicksale.de\/wp-content\/uploads\/2025\/08\/Johann-Pausch.jpg\" alt=\"\" width=\"691\" height=\"800\" srcset=\"http:\/\/soldatenschicksale.de\/wp-content\/uploads\/2025\/08\/Johann-Pausch.jpg 691w, http:\/\/soldatenschicksale.de\/wp-content\/uploads\/2025\/08\/Johann-Pausch-259x300.jpg 259w\" sizes=\"auto, (max-width: 709px) 85vw, (max-width: 909px) 67vw, (max-width: 984px) 61vw, (max-width: 1362px) 45vw, 600px\" \/><figcaption id=\"caption-attachment-6891\" class=\"wp-caption-text\">Das Grab von Johann Pausch auf dem Soldatenfriedhof Markirch (franz\u00f6sisch: Sainte-Marie-aux-Mines)<\/figcaption><\/figure>\n","protected":false},"excerpt":{"rendered":"<p>Der Soldat Johann Pausch k\u00e4mpfte im Ersten Weltkrieg als Gefreiter. Am 15.09.1915 fiel er w\u00e4hrend der K\u00e4mpfe in den Vogesen nahe der Stadt Markirch (franz\u00f6sisch: Sainte-Marie-aux-Mines). Man begrub Johann Pausch auf dem Soldatenfriedhof Ste.-Marie-aux-Mines in Block 5, Grab 76.<\/p>\n","protected":false},"author":2,"featured_media":0,"comment_status":"closed","ping_status":"open","sticky":false,"template":"","format":"standard","meta":{"footnotes":"","_wp_rev_ctl_limit":""},"categories":[1007,76,988,468,75],"tags":[303,78,11,990,2227,2239,2226,306,239],"class_list":["post-6890","post","type-post","status-publish","format-standard","hentry","category-1-weltkrieg","category-frankreich","category-grand-est","category-vogesen-elsass","category-westfront","tag-elsass","tag-frankreich","tag-gefreiter","tag-grand-est","tag-markirch","tag-sainte-marie-aux-mines","tag-ste-marie-aux-mines","tag-vogesen","tag-westfront"],"_links":{"self":[{"href":"http:\/\/soldatenschicksale.de\/index.php?rest_route=\/wp\/v2\/posts\/6890","targetHints":{"allow":["GET"]}}],"collection":[{"href":"http:\/\/soldatenschicksale.de\/index.php?rest_route=\/wp\/v2\/posts"}],"about":[{"href":"http:\/\/soldatenschicksale.de\/index.php?rest_route=\/wp\/v2\/types\/post"}],"author":[{"embeddable":true,"href":"http:\/\/soldatenschicksale.de\/index.php?rest_route=\/wp\/v2\/users\/2"}],"replies":[{"embeddable":true,"href":"http:\/\/soldatenschicksale.de\/index.php?rest_route=%2Fwp%2Fv2%2Fcomments&post=6890"}],"version-history":[{"count":3,"href":"http:\/\/soldatenschicksale.de\/index.php?rest_route=\/wp\/v2\/posts\/6890\/revisions"}],"predecessor-version":[{"id":6895,"href":"http:\/\/soldatenschicksale.de\/index.php?rest_route=\/wp\/v2\/posts\/6890\/revisions\/6895"}],"wp:attachment":[{"href":"http:\/\/soldatenschicksale.de\/index.php?rest_route=%2Fwp%2Fv2%2Fmedia&parent=6890"}],"wp:term":[{"taxonomy":"category","embeddable":true,"href":"http:\/\/soldatenschicksale.de\/index.php?rest_route=%2Fwp%2Fv2%2Fcategories&post=6890"},{"taxonomy":"post_tag","embeddable":true,"href":"http:\/\/soldatenschicksale.de\/index.php?rest_route=%2Fwp%2Fv2%2Ftags&post=6890"}],"curies":[{"name":"wp","href":"https:\/\/api.w.org\/{rel}","templated":true}]}}