{"id":6903,"date":"2025-08-22T18:00:11","date_gmt":"2025-08-22T16:00:11","guid":{"rendered":"http:\/\/soldatenschicksale.de\/?p=6903"},"modified":"2025-08-22T13:39:21","modified_gmt":"2025-08-22T11:39:21","slug":"die-kriegsgraeber-von-markirch-teil-28-ferdinand-metz","status":"publish","type":"post","link":"http:\/\/soldatenschicksale.de\/?p=6903","title":{"rendered":"Die Kriegsgr\u00e4ber von Markirch \u2013 Teil 28: Ferdinand Metz"},"content":{"rendered":"<p>Der Soldat Ferdinand Metz k\u00e4mpfte im Ersten Weltkrieg als Dragoner. Am 31.10.1914 fiel er w\u00e4hrend der K\u00e4mpfe in den Vogesen nahe der Stadt <a href=\"https:\/\/de.wikipedia.org\/wiki\/Sainte-Marie-aux-Mines\" target=\"_blank\" rel=\"noopener\">Markirch<\/a> (franz\u00f6sisch: Sainte-Marie-aux-Mines).<\/p>\n<p>Man begrub Ferdinand Metz auf dem Soldatenfriedhof <span data-sheets-root=\"1\"><a class=\"in-cell-link\" href=\"https:\/\/goo.gl\/maps\/iaaNf6puZKt\" target=\"_blank\" rel=\"noopener\">Ste.-Marie-aux-Mines<\/a><\/span> in Block 5, Grab 126.<\/p>\n<figure id=\"attachment_6906\" aria-describedby=\"caption-attachment-6906\" style=\"width: 628px\" class=\"wp-caption aligncenter\"><img loading=\"lazy\" decoding=\"async\" class=\"size-full wp-image-6906\" src=\"http:\/\/soldatenschicksale.de\/wp-content\/uploads\/2025\/08\/Ferdinand-Metz-1.jpg\" alt=\"\" width=\"628\" height=\"800\" srcset=\"http:\/\/soldatenschicksale.de\/wp-content\/uploads\/2025\/08\/Ferdinand-Metz-1.jpg 628w, http:\/\/soldatenschicksale.de\/wp-content\/uploads\/2025\/08\/Ferdinand-Metz-1-236x300.jpg 236w\" sizes=\"auto, (max-width: 709px) 85vw, (max-width: 909px) 67vw, (max-width: 984px) 61vw, (max-width: 1362px) 45vw, 600px\" \/><figcaption id=\"caption-attachment-6906\" class=\"wp-caption-text\">Das Grab von Ferdinand Metz auf dem Soldatenfriedhof Markirch (franz\u00f6sisch: Sainte-Marie-aux-Mines)<\/figcaption><\/figure>\n<p>Ferdinand Metz<\/p>\n<p>&nbsp;<\/p>\n","protected":false},"excerpt":{"rendered":"<p>Der Soldat Ferdinand Metz k\u00e4mpfte im Ersten Weltkrieg als Dragoner. Am 31.10.1914 fiel er w\u00e4hrend der K\u00e4mpfe in den Vogesen nahe der Stadt Markirch (franz\u00f6sisch: Sainte-Marie-aux-Mines). Man begrub Ferdinand Metz auf dem Soldatenfriedhof Ste.-Marie-aux-Mines in Block 5, Grab 126. Ferdinand Metz &nbsp;<\/p>\n","protected":false},"author":2,"featured_media":0,"comment_status":"closed","ping_status":"open","sticky":false,"template":"","format":"standard","meta":{"footnotes":"","_wp_rev_ctl_limit":""},"categories":[1007,76,988,468,75],"tags":[1910,303,78,990,2227,2239,2226,2273,306,239],"class_list":["post-6903","post","type-post","status-publish","format-standard","hentry","category-1-weltkrieg","category-frankreich","category-grand-est","category-vogesen-elsass","category-westfront","tag-dragoner","tag-elsass","tag-frankreich","tag-grand-est","tag-markirch","tag-sainte-marie-aux-mines","tag-ste-marie-aux-mines","tag-unbekannte-truppenzugehoerigkeit","tag-vogesen","tag-westfront"],"_links":{"self":[{"href":"http:\/\/soldatenschicksale.de\/index.php?rest_route=\/wp\/v2\/posts\/6903","targetHints":{"allow":["GET"]}}],"collection":[{"href":"http:\/\/soldatenschicksale.de\/index.php?rest_route=\/wp\/v2\/posts"}],"about":[{"href":"http:\/\/soldatenschicksale.de\/index.php?rest_route=\/wp\/v2\/types\/post"}],"author":[{"embeddable":true,"href":"http:\/\/soldatenschicksale.de\/index.php?rest_route=\/wp\/v2\/users\/2"}],"replies":[{"embeddable":true,"href":"http:\/\/soldatenschicksale.de\/index.php?rest_route=%2Fwp%2Fv2%2Fcomments&post=6903"}],"version-history":[{"count":3,"href":"http:\/\/soldatenschicksale.de\/index.php?rest_route=\/wp\/v2\/posts\/6903\/revisions"}],"predecessor-version":[{"id":6910,"href":"http:\/\/soldatenschicksale.de\/index.php?rest_route=\/wp\/v2\/posts\/6903\/revisions\/6910"}],"wp:attachment":[{"href":"http:\/\/soldatenschicksale.de\/index.php?rest_route=%2Fwp%2Fv2%2Fmedia&parent=6903"}],"wp:term":[{"taxonomy":"category","embeddable":true,"href":"http:\/\/soldatenschicksale.de\/index.php?rest_route=%2Fwp%2Fv2%2Fcategories&post=6903"},{"taxonomy":"post_tag","embeddable":true,"href":"http:\/\/soldatenschicksale.de\/index.php?rest_route=%2Fwp%2Fv2%2Ftags&post=6903"}],"curies":[{"name":"wp","href":"https:\/\/api.w.org\/{rel}","templated":true}]}}