{"id":6918,"date":"2025-08-23T09:00:19","date_gmt":"2025-08-23T07:00:19","guid":{"rendered":"http:\/\/soldatenschicksale.de\/?p=6918"},"modified":"2025-08-22T16:44:17","modified_gmt":"2025-08-22T14:44:17","slug":"die-kriegsgraeber-von-markirch-teil-30-johann-apold","status":"publish","type":"post","link":"http:\/\/soldatenschicksale.de\/?p=6918","title":{"rendered":"Die Kriegsgr\u00e4ber von Markirch \u2013 Teil 30: Johann Apold"},"content":{"rendered":"<p>Der Soldat Johann Baptist Apold stammte aus <a href=\"https:\/\/de.wikipedia.org\/wiki\/Gro%C3%9Fenviecht\" target=\"_blank\" rel=\"noopener\">Gro\u00dfenviecht<\/a>, einem Ortsteil der bayerischen Gemeinde <a href=\"https:\/\/de.wikipedia.org\/wiki\/Langenbach_(Oberbayern)\" target=\"_blank\" rel=\"noopener\">Langenbach<\/a>. Im Ersten Weltkrieg k\u00e4mpfte er als Reiter in der Kavallerie-Ersatz-Abteilung des I. Armee-Korps. Am 24.08.1914 fiel er w\u00e4hrend der K\u00e4mpfe nahe <a href=\"https:\/\/de.wikipedia.org\/wiki\/Sainte-Marie-aux-Mines\" target=\"_blank\" rel=\"noopener\">Markirch<\/a> (franz\u00f6sisch: Sainte-Marie-aux-Mines) und <a href=\"https:\/\/de.wikipedia.org\/wiki\/Sainte-Croix-aux-Mines\" target=\"_blank\" rel=\"noopener\">Sankt Kreuz im Lebertal<\/a> (franz\u00f6sisch: Sainte-Croix-aux-Mines).<\/p>\n<p>Man begrub Johann Apold auf dem Soldatenfriedhof <span data-sheets-root=\"1\"><a class=\"in-cell-link\" href=\"https:\/\/goo.gl\/maps\/iaaNf6puZKt\" target=\"_blank\" rel=\"noopener\">Ste.-Marie-aux-Mines<\/a><\/span> in <span data-sheets-root=\"1\">Block 5, Grab 159.<\/span><\/p>\n<figure id=\"attachment_6919\" aria-describedby=\"caption-attachment-6919\" style=\"width: 627px\" class=\"wp-caption aligncenter\"><img loading=\"lazy\" decoding=\"async\" class=\"size-full wp-image-6919\" src=\"http:\/\/soldatenschicksale.de\/wp-content\/uploads\/2025\/08\/Johann-Apold.jpg\" alt=\"\" width=\"627\" height=\"800\" srcset=\"http:\/\/soldatenschicksale.de\/wp-content\/uploads\/2025\/08\/Johann-Apold.jpg 627w, http:\/\/soldatenschicksale.de\/wp-content\/uploads\/2025\/08\/Johann-Apold-235x300.jpg 235w\" sizes=\"auto, (max-width: 709px) 85vw, (max-width: 909px) 67vw, (max-width: 984px) 61vw, (max-width: 1362px) 45vw, 600px\" \/><figcaption id=\"caption-attachment-6919\" class=\"wp-caption-text\">Das Grab von Johann Apold auf dem Soldatenfriedhof Markirch (franz\u00f6sisch: Sainte-Marie-aux-Mines)<\/figcaption><\/figure>\n","protected":false},"excerpt":{"rendered":"<p>Der Soldat Johann Baptist Apold stammte aus Gro\u00dfenviecht, einem Ortsteil der bayerischen Gemeinde Langenbach. Im Ersten Weltkrieg k\u00e4mpfte er als Reiter in der Kavallerie-Ersatz-Abteilung des I. Armee-Korps. Am 24.08.1914 fiel er w\u00e4hrend der K\u00e4mpfe nahe Markirch (franz\u00f6sisch: Sainte-Marie-aux-Mines) und Sankt Kreuz im Lebertal (franz\u00f6sisch: Sainte-Croix-aux-Mines). Man begrub Johann Apold auf dem Soldatenfriedhof Ste.-Marie-aux-Mines in Block &hellip; <a href=\"http:\/\/soldatenschicksale.de\/?p=6918\" class=\"more-link\"><span class=\"screen-reader-text\">\u201eDie Kriegsgr\u00e4ber von Markirch \u2013 Teil 30: Johann Apold\u201c <\/span>weiterlesen<\/a><\/p>\n","protected":false},"author":2,"featured_media":0,"comment_status":"closed","ping_status":"open","sticky":false,"template":"","format":"standard","meta":{"footnotes":"","_wp_rev_ctl_limit":""},"categories":[1007,76,988,468,75],"tags":[21,303,78,990,1999,2339,2340,2227,2338,2336,2239,2337,2226,306,239],"class_list":["post-6918","post","type-post","status-publish","format-standard","hentry","category-1-weltkrieg","category-frankreich","category-grand-est","category-vogesen-elsass","category-westfront","tag-bayern","tag-elsass","tag-frankreich","tag-grand-est","tag-i-armee-korps","tag-kavallerie-ersatz-abteilung","tag-langenbach","tag-markirch","tag-reiter","tag-sainte-croix-aux-mines","tag-sainte-marie-aux-mines","tag-sankt-kreuz-im-lebertal","tag-ste-marie-aux-mines","tag-vogesen","tag-westfront"],"_links":{"self":[{"href":"http:\/\/soldatenschicksale.de\/index.php?rest_route=\/wp\/v2\/posts\/6918","targetHints":{"allow":["GET"]}}],"collection":[{"href":"http:\/\/soldatenschicksale.de\/index.php?rest_route=\/wp\/v2\/posts"}],"about":[{"href":"http:\/\/soldatenschicksale.de\/index.php?rest_route=\/wp\/v2\/types\/post"}],"author":[{"embeddable":true,"href":"http:\/\/soldatenschicksale.de\/index.php?rest_route=\/wp\/v2\/users\/2"}],"replies":[{"embeddable":true,"href":"http:\/\/soldatenschicksale.de\/index.php?rest_route=%2Fwp%2Fv2%2Fcomments&post=6918"}],"version-history":[{"count":3,"href":"http:\/\/soldatenschicksale.de\/index.php?rest_route=\/wp\/v2\/posts\/6918\/revisions"}],"predecessor-version":[{"id":6924,"href":"http:\/\/soldatenschicksale.de\/index.php?rest_route=\/wp\/v2\/posts\/6918\/revisions\/6924"}],"wp:attachment":[{"href":"http:\/\/soldatenschicksale.de\/index.php?rest_route=%2Fwp%2Fv2%2Fmedia&parent=6918"}],"wp:term":[{"taxonomy":"category","embeddable":true,"href":"http:\/\/soldatenschicksale.de\/index.php?rest_route=%2Fwp%2Fv2%2Fcategories&post=6918"},{"taxonomy":"post_tag","embeddable":true,"href":"http:\/\/soldatenschicksale.de\/index.php?rest_route=%2Fwp%2Fv2%2Ftags&post=6918"}],"curies":[{"name":"wp","href":"https:\/\/api.w.org\/{rel}","templated":true}]}}