{"id":6936,"date":"2025-08-23T15:00:29","date_gmt":"2025-08-23T13:00:29","guid":{"rendered":"http:\/\/soldatenschicksale.de\/?p=6936"},"modified":"2025-08-23T12:02:01","modified_gmt":"2025-08-23T10:02:01","slug":"die-kriegsgraeber-von-markirch-teil-32-adam-bisson","status":"publish","type":"post","link":"http:\/\/soldatenschicksale.de\/?p=6936","title":{"rendered":"Die Kriegsgr\u00e4ber von Markirch \u2013 Teil 32: Adam Bisson"},"content":{"rendered":"<p>Der Soldat Adam Bisson stammte aus der Gemeinde <a href=\"https:\/\/de.wikipedia.org\/wiki\/Bellheim\" target=\"_blank\" rel=\"noopener\">Bellheim<\/a> im heutigen Bundesland Rheinland-Pfalz. Im Ersten Weltkrieg k\u00e4mpfte er als Dragoner. Am 07.12.1917 verungl\u00fcckte er w\u00e4hrend der K\u00e4mpfe in den Vogesen nahe der Stadt <a href=\"https:\/\/de.wikipedia.org\/wiki\/Sainte-Marie-aux-Mines\" target=\"_blank\" rel=\"noopener\">Markirch<\/a> (franz\u00f6sisch: Sainte-Marie-aux-Mines) t\u00f6dlich.<\/p>\n<p>Man begrub Adam Bisson auf dem Soldatenfriedhof <span data-sheets-root=\"1\"><a class=\"in-cell-link\" href=\"https:\/\/goo.gl\/maps\/iaaNf6puZKt\" target=\"_blank\" rel=\"noopener\">Ste.-Marie-aux-Mines<\/a><\/span> in Block 5, Grab 154.<\/p>\n<figure id=\"attachment_6938\" aria-describedby=\"caption-attachment-6938\" style=\"width: 648px\" class=\"wp-caption aligncenter\"><img loading=\"lazy\" decoding=\"async\" class=\"size-full wp-image-6938\" src=\"http:\/\/soldatenschicksale.de\/wp-content\/uploads\/2025\/08\/Adam-Bisson.jpg\" alt=\"\" width=\"648\" height=\"800\" srcset=\"http:\/\/soldatenschicksale.de\/wp-content\/uploads\/2025\/08\/Adam-Bisson.jpg 648w, http:\/\/soldatenschicksale.de\/wp-content\/uploads\/2025\/08\/Adam-Bisson-243x300.jpg 243w\" sizes=\"auto, (max-width: 709px) 85vw, (max-width: 909px) 67vw, (max-width: 984px) 61vw, (max-width: 1362px) 45vw, 600px\" \/><figcaption id=\"caption-attachment-6938\" class=\"wp-caption-text\">Das Grab von Adam Bisson auf dem Soldatenfriedhof Markirch (franz\u00f6sisch: Sainte-Marie-aux-Mines)<\/figcaption><\/figure>\n","protected":false},"excerpt":{"rendered":"<p>Der Soldat Adam Bisson stammte aus der Gemeinde Bellheim im heutigen Bundesland Rheinland-Pfalz. Im Ersten Weltkrieg k\u00e4mpfte er als Dragoner. Am 07.12.1917 verungl\u00fcckte er w\u00e4hrend der K\u00e4mpfe in den Vogesen nahe der Stadt Markirch (franz\u00f6sisch: Sainte-Marie-aux-Mines) t\u00f6dlich. Man begrub Adam Bisson auf dem Soldatenfriedhof Ste.-Marie-aux-Mines in Block 5, Grab 154.<\/p>\n","protected":false},"author":2,"featured_media":0,"comment_status":"closed","ping_status":"open","sticky":false,"template":"","format":"standard","meta":{"footnotes":"","_wp_rev_ctl_limit":""},"categories":[1007,76,988,468,75],"tags":[2344,1910,303,78,990,2227,351,2239,2226,858,2273,306,239],"class_list":["post-6936","post","type-post","status-publish","format-standard","hentry","category-1-weltkrieg","category-frankreich","category-grand-est","category-vogesen-elsass","category-westfront","tag-bellheim","tag-dragoner","tag-elsass","tag-frankreich","tag-grand-est","tag-markirch","tag-rheinland-pfalz","tag-sainte-marie-aux-mines","tag-ste-marie-aux-mines","tag-toedlich-verunglueckt","tag-unbekannte-truppenzugehoerigkeit","tag-vogesen","tag-westfront"],"_links":{"self":[{"href":"http:\/\/soldatenschicksale.de\/index.php?rest_route=\/wp\/v2\/posts\/6936","targetHints":{"allow":["GET"]}}],"collection":[{"href":"http:\/\/soldatenschicksale.de\/index.php?rest_route=\/wp\/v2\/posts"}],"about":[{"href":"http:\/\/soldatenschicksale.de\/index.php?rest_route=\/wp\/v2\/types\/post"}],"author":[{"embeddable":true,"href":"http:\/\/soldatenschicksale.de\/index.php?rest_route=\/wp\/v2\/users\/2"}],"replies":[{"embeddable":true,"href":"http:\/\/soldatenschicksale.de\/index.php?rest_route=%2Fwp%2Fv2%2Fcomments&post=6936"}],"version-history":[{"count":3,"href":"http:\/\/soldatenschicksale.de\/index.php?rest_route=\/wp\/v2\/posts\/6936\/revisions"}],"predecessor-version":[{"id":6942,"href":"http:\/\/soldatenschicksale.de\/index.php?rest_route=\/wp\/v2\/posts\/6936\/revisions\/6942"}],"wp:attachment":[{"href":"http:\/\/soldatenschicksale.de\/index.php?rest_route=%2Fwp%2Fv2%2Fmedia&parent=6936"}],"wp:term":[{"taxonomy":"category","embeddable":true,"href":"http:\/\/soldatenschicksale.de\/index.php?rest_route=%2Fwp%2Fv2%2Fcategories&post=6936"},{"taxonomy":"post_tag","embeddable":true,"href":"http:\/\/soldatenschicksale.de\/index.php?rest_route=%2Fwp%2Fv2%2Ftags&post=6936"}],"curies":[{"name":"wp","href":"https:\/\/api.w.org\/{rel}","templated":true}]}}