{"id":6982,"date":"2026-03-05T00:00:13","date_gmt":"2026-03-04T23:00:13","guid":{"rendered":"http:\/\/soldatenschicksale.de\/?p=6982"},"modified":"2025-09-14T09:52:06","modified_gmt":"2025-09-14T07:52:06","slug":"soldatenschicksale-des-1-weltkrieges-teil-553-georg-wagner","status":"publish","type":"post","link":"http:\/\/soldatenschicksale.de\/?p=6982","title":{"rendered":"Soldatenschicksale des 1. Weltkrieges Teil 553: Georg Wagner"},"content":{"rendered":"<p>Der Soldat Georg Wagner stammte aus der bayerischen Gemeinde <a href=\"https:\/\/de.wikipedia.org\/wiki\/Schwenningen_(Donau)\" target=\"_blank\" rel=\"noopener\">Schwenningen<\/a> und k\u00e4mpft im Ersten Weltkrieg als Gefreiter im 12. bayerischen Landwehr-Infanterie-Regiment. Am\u00a0 08.11.1917 fiel er w\u00e4hrend der K\u00e4mpfe in den Vogesen nahe der Stadt <a href=\"https:\/\/de.wikipedia.org\/wiki\/Munster_(Haut-Rhin)\" target=\"_blank\" rel=\"noopener\">M\u00fcnster<\/a> (franz\u00f6sisch: Munster, els\u00e4ssisch: Menschter).<\/p>\n<p>Man gebrub Georg Wagner auf dem Soldatenfriedhof <span data-sheets-root=\"1\"><a class=\"in-cell-link\" href=\"https:\/\/goo.gl\/maps\/P4rSTZbxnXm\" target=\"_blank\" rel=\"noopener\">Munster<\/a><\/span> in <span data-sheets-root=\"1\">Block 2, Grab 91.<\/span><\/p>\n<p>In seiner Heimatgemeinde Schwenningen gedenkt man Georg Wagner noch heute auf einem Denkmal: <a href=\"http:\/\/www.denkmalprojekt.org\/2021\/gremheim_gde-schwenningen_lk-dillingen-a-d-donau_wk1_wk2_by.html\" target=\"_blank\" rel=\"noopener\">http:\/\/www.denkmalprojekt.org\/2021\/gremheim_gde-schwenningen_lk-dillingen-a-d-donau_wk1_wk2_by.html<\/a><\/p>\n<figure id=\"attachment_4087\" aria-describedby=\"caption-attachment-4087\" style=\"width: 598px\" class=\"wp-caption aligncenter\"><img loading=\"lazy\" decoding=\"async\" class=\"size-full wp-image-4087\" src=\"http:\/\/soldatenschicksale.de\/wp-content\/uploads\/2025\/02\/Anton-Hammer-Georg-Wagner.jpg\" alt=\"\" width=\"598\" height=\"800\" srcset=\"http:\/\/soldatenschicksale.de\/wp-content\/uploads\/2025\/02\/Anton-Hammer-Georg-Wagner.jpg 598w, http:\/\/soldatenschicksale.de\/wp-content\/uploads\/2025\/02\/Anton-Hammer-Georg-Wagner-224x300.jpg 224w\" sizes=\"auto, (max-width: 598px) 85vw, 598px\" \/><figcaption id=\"caption-attachment-4087\" class=\"wp-caption-text\">Das Grab von Anton Hammer und Georg Wagner auf dem Soldatenfriedhof M\u00fcnster<\/figcaption><\/figure>\n","protected":false},"excerpt":{"rendered":"<p>Der Soldat Georg Wagner stammte aus der bayerischen Gemeinde Schwenningen und k\u00e4mpft im Ersten Weltkrieg als Gefreiter im 12. bayerischen Landwehr-Infanterie-Regiment. Am\u00a0 08.11.1917 fiel er w\u00e4hrend der K\u00e4mpfe in den Vogesen nahe der Stadt M\u00fcnster (franz\u00f6sisch: Munster, els\u00e4ssisch: Menschter). Man gebrub Georg Wagner auf dem Soldatenfriedhof Munster in Block 2, Grab 91. In seiner Heimatgemeinde &hellip; <a href=\"http:\/\/soldatenschicksale.de\/?p=6982\" class=\"more-link\"><span class=\"screen-reader-text\">\u201eSoldatenschicksale des 1. Weltkrieges Teil 553: Georg Wagner\u201c <\/span>weiterlesen<\/a><\/p>\n","protected":false},"author":2,"featured_media":0,"comment_status":"closed","ping_status":"open","sticky":false,"template":"","format":"standard","meta":{"footnotes":"","_wp_rev_ctl_limit":""},"categories":[1007,76,988,468,75],"tags":[2323,21,303,78,11,990,1526,1486,2351,306,239],"class_list":["post-6982","post","type-post","status-publish","format-standard","hentry","category-1-weltkrieg","category-frankreich","category-grand-est","category-vogesen-elsass","category-westfront","tag-12-bayerisches-landwehr-infanterie-regiment","tag-bayern","tag-elsass","tag-frankreich","tag-gefreiter","tag-grand-est","tag-menschter","tag-muenster","tag-schwenningen","tag-vogesen","tag-westfront"],"_links":{"self":[{"href":"http:\/\/soldatenschicksale.de\/index.php?rest_route=\/wp\/v2\/posts\/6982","targetHints":{"allow":["GET"]}}],"collection":[{"href":"http:\/\/soldatenschicksale.de\/index.php?rest_route=\/wp\/v2\/posts"}],"about":[{"href":"http:\/\/soldatenschicksale.de\/index.php?rest_route=\/wp\/v2\/types\/post"}],"author":[{"embeddable":true,"href":"http:\/\/soldatenschicksale.de\/index.php?rest_route=\/wp\/v2\/users\/2"}],"replies":[{"embeddable":true,"href":"http:\/\/soldatenschicksale.de\/index.php?rest_route=%2Fwp%2Fv2%2Fcomments&post=6982"}],"version-history":[{"count":3,"href":"http:\/\/soldatenschicksale.de\/index.php?rest_route=\/wp\/v2\/posts\/6982\/revisions"}],"predecessor-version":[{"id":6987,"href":"http:\/\/soldatenschicksale.de\/index.php?rest_route=\/wp\/v2\/posts\/6982\/revisions\/6987"}],"wp:attachment":[{"href":"http:\/\/soldatenschicksale.de\/index.php?rest_route=%2Fwp%2Fv2%2Fmedia&parent=6982"}],"wp:term":[{"taxonomy":"category","embeddable":true,"href":"http:\/\/soldatenschicksale.de\/index.php?rest_route=%2Fwp%2Fv2%2Fcategories&post=6982"},{"taxonomy":"post_tag","embeddable":true,"href":"http:\/\/soldatenschicksale.de\/index.php?rest_route=%2Fwp%2Fv2%2Ftags&post=6982"}],"curies":[{"name":"wp","href":"https:\/\/api.w.org\/{rel}","templated":true}]}}