{"id":7022,"date":"2026-03-08T00:00:31","date_gmt":"2026-03-07T23:00:31","guid":{"rendered":"http:\/\/soldatenschicksale.de\/?p=7022"},"modified":"2025-09-28T07:30:40","modified_gmt":"2025-09-28T05:30:40","slug":"soldatenschicksale-des-1-weltkrieges-teil-556-karl-schoeps","status":"publish","type":"post","link":"http:\/\/soldatenschicksale.de\/?p=7022","title":{"rendered":"Soldatenschicksale des 1. Weltkrieges Teil 556: Karl Sch\u00f6ps"},"content":{"rendered":"<p>Der Soldat Karl Sch\u00f6ps wurde am 01.08.1882 in <a href=\"https:\/\/maps.app.goo.gl\/JxgngebcmPP8cMV28\" target=\"_blank\" rel=\"noopener\">Oberhof<\/a> (seit 1945 polnisch: <a href=\"https:\/\/maps.app.goo.gl\/JxgngebcmPP8cMV28\" target=\"_blank\" rel=\"noopener\">Mokronos G\u00f3rny<\/a>) im ehemaligen <a href=\"https:\/\/de.wikipedia.org\/wiki\/Landkreis_Breslau\" target=\"_blank\" rel=\"noopener\">Landkreis Breslau<\/a> geboren. Er k\u00e4mpfte im Ersten Weltkrieg als Landsturmmann in der 2. Eskadron des 2. Reserve-Husaren-Regiments. Am 30.06.1917 fiel er w\u00e4hrend der K\u00e4mpfe in den Vogesen nahe der Stadt <a href=\"https:\/\/de.wikipedia.org\/wiki\/Munster_(Haut-Rhin)\" target=\"_blank\" rel=\"noopener\">M\u00fcnster<\/a> (franz\u00f6sisch: Munster, els\u00e4ssisch: Menschter). Laut Regimentsgeschichte fiel er am 28.06.1917. Karl Sch\u00f6ps wurde 34 Jahre alt.<\/p>\n<p>Man begrub Karl Sch\u00f6ps auf dem Soldatenfriedhof <span data-sheets-root=\"1\"><a class=\"in-cell-link\" href=\"https:\/\/goo.gl\/maps\/P4rSTZbxnXm\" target=\"_blank\" rel=\"noopener\">Munster<\/a><\/span> in <span data-sheets-root=\"1\">Block 1, Grab 91.<\/span><\/p>\n<figure id=\"attachment_4091\" aria-describedby=\"caption-attachment-4091\" style=\"width: 520px\" class=\"wp-caption aligncenter\"><img loading=\"lazy\" decoding=\"async\" class=\"size-full wp-image-4091\" src=\"http:\/\/soldatenschicksale.de\/wp-content\/uploads\/2025\/02\/Karl-Schoeps-Heinrich-Welz.jpg\" alt=\"\" width=\"520\" height=\"800\" srcset=\"http:\/\/soldatenschicksale.de\/wp-content\/uploads\/2025\/02\/Karl-Schoeps-Heinrich-Welz.jpg 520w, http:\/\/soldatenschicksale.de\/wp-content\/uploads\/2025\/02\/Karl-Schoeps-Heinrich-Welz-195x300.jpg 195w\" sizes=\"auto, (max-width: 520px) 85vw, 520px\" \/><figcaption id=\"caption-attachment-4091\" class=\"wp-caption-text\">Das Grab von Karl Sch\u00f6ps und Heinrich Welz auf dem Soldatenfriedhof M\u00fcnster<\/figcaption><\/figure>\n","protected":false},"excerpt":{"rendered":"<p>Der Soldat Karl Sch\u00f6ps wurde am 01.08.1882 in Oberhof (seit 1945 polnisch: Mokronos G\u00f3rny) im ehemaligen Landkreis Breslau geboren. Er k\u00e4mpfte im Ersten Weltkrieg als Landsturmmann in der 2. Eskadron des 2. Reserve-Husaren-Regiments. Am 30.06.1917 fiel er w\u00e4hrend der K\u00e4mpfe in den Vogesen nahe der Stadt M\u00fcnster (franz\u00f6sisch: Munster, els\u00e4ssisch: Menschter). Laut Regimentsgeschichte fiel er &hellip; <a href=\"http:\/\/soldatenschicksale.de\/?p=7022\" class=\"more-link\"><span class=\"screen-reader-text\">\u201eSoldatenschicksale des 1. Weltkrieges Teil 556: Karl Sch\u00f6ps\u201c <\/span>weiterlesen<\/a><\/p>\n","protected":false},"author":2,"featured_media":0,"comment_status":"closed","ping_status":"open","sticky":false,"template":"","format":"standard","meta":{"footnotes":"","_wp_rev_ctl_limit":""},"categories":[1007,76,988,468,75],"tags":[1917,2355,303,78,990,1094,1526,2356,1486,2354,306,1259,239],"class_list":["post-7022","post","type-post","status-publish","format-standard","hentry","category-1-weltkrieg","category-frankreich","category-grand-est","category-vogesen-elsass","category-westfront","tag-2-reserve-husaren-regiment","tag-breslau","tag-elsass","tag-frankreich","tag-grand-est","tag-landsturmmann","tag-menschter","tag-mokronos-gorny","tag-muenster","tag-oberhof","tag-vogesen","tag-wehrmann","tag-westfront"],"_links":{"self":[{"href":"http:\/\/soldatenschicksale.de\/index.php?rest_route=\/wp\/v2\/posts\/7022","targetHints":{"allow":["GET"]}}],"collection":[{"href":"http:\/\/soldatenschicksale.de\/index.php?rest_route=\/wp\/v2\/posts"}],"about":[{"href":"http:\/\/soldatenschicksale.de\/index.php?rest_route=\/wp\/v2\/types\/post"}],"author":[{"embeddable":true,"href":"http:\/\/soldatenschicksale.de\/index.php?rest_route=\/wp\/v2\/users\/2"}],"replies":[{"embeddable":true,"href":"http:\/\/soldatenschicksale.de\/index.php?rest_route=%2Fwp%2Fv2%2Fcomments&post=7022"}],"version-history":[{"count":3,"href":"http:\/\/soldatenschicksale.de\/index.php?rest_route=\/wp\/v2\/posts\/7022\/revisions"}],"predecessor-version":[{"id":7029,"href":"http:\/\/soldatenschicksale.de\/index.php?rest_route=\/wp\/v2\/posts\/7022\/revisions\/7029"}],"wp:attachment":[{"href":"http:\/\/soldatenschicksale.de\/index.php?rest_route=%2Fwp%2Fv2%2Fmedia&parent=7022"}],"wp:term":[{"taxonomy":"category","embeddable":true,"href":"http:\/\/soldatenschicksale.de\/index.php?rest_route=%2Fwp%2Fv2%2Fcategories&post=7022"},{"taxonomy":"post_tag","embeddable":true,"href":"http:\/\/soldatenschicksale.de\/index.php?rest_route=%2Fwp%2Fv2%2Ftags&post=7022"}],"curies":[{"name":"wp","href":"https:\/\/api.w.org\/{rel}","templated":true}]}}