{"id":7039,"date":"2026-03-10T00:00:43","date_gmt":"2026-03-09T23:00:43","guid":{"rendered":"http:\/\/soldatenschicksale.de\/?p=7039"},"modified":"2025-09-28T09:50:03","modified_gmt":"2025-09-28T07:50:03","slug":"soldatenschicksale-des-1-weltkrieges-teil-557-josef-schwarz","status":"publish","type":"post","link":"http:\/\/soldatenschicksale.de\/?p=7039","title":{"rendered":"Soldatenschicksale des 1. Weltkrieges Teil 558: Josef Schwarz"},"content":{"rendered":"<p>Der Soldat Josef Schwarz k\u00e4mpfte im Ersten Weltkrieg als Landsturmmann. Am 27.07.1915 fiel er w\u00e4hrend der K\u00e4mpfe in den Vogesen nahe der Stadt <a href=\"https:\/\/de.wikipedia.org\/wiki\/Munster_(Haut-Rhin)\" target=\"_blank\" rel=\"noopener\">M\u00fcnster<\/a> (franz\u00f6sisch: Munster, els\u00e4ssisch: Menschter).<\/p>\n<p>Man begrub Josef Schwarz auf dem Soldatenfriedhof <span data-sheets-root=\"1\"><a class=\"in-cell-link\" href=\"https:\/\/goo.gl\/maps\/P4rSTZbxnXm\" target=\"_blank\" rel=\"noopener\">Munster<\/a><\/span> in <span data-sheets-root=\"1\">Block 1, Grab 93.<\/span><\/p>\n<figure id=\"attachment_4090\" aria-describedby=\"caption-attachment-4090\" style=\"width: 499px\" class=\"wp-caption aligncenter\"><img loading=\"lazy\" decoding=\"async\" class=\"size-full wp-image-4090\" src=\"http:\/\/soldatenschicksale.de\/wp-content\/uploads\/2025\/02\/Josef-Schwarz-Karl-Ruehle.jpg\" alt=\"\" width=\"499\" height=\"800\" srcset=\"http:\/\/soldatenschicksale.de\/wp-content\/uploads\/2025\/02\/Josef-Schwarz-Karl-Ruehle.jpg 499w, http:\/\/soldatenschicksale.de\/wp-content\/uploads\/2025\/02\/Josef-Schwarz-Karl-Ruehle-187x300.jpg 187w\" sizes=\"auto, (max-width: 499px) 85vw, 499px\" \/><figcaption id=\"caption-attachment-4090\" class=\"wp-caption-text\">Das Grab von Josef Schwarz und Karl R\u00fchle auf dem Soldatenfriedhof M\u00fcnster<\/figcaption><\/figure>\n","protected":false},"excerpt":{"rendered":"<p>Der Soldat Josef Schwarz k\u00e4mpfte im Ersten Weltkrieg als Landsturmmann. Am 27.07.1915 fiel er w\u00e4hrend der K\u00e4mpfe in den Vogesen nahe der Stadt M\u00fcnster (franz\u00f6sisch: Munster, els\u00e4ssisch: Menschter). Man begrub Josef Schwarz auf dem Soldatenfriedhof Munster in Block 1, Grab 93.<\/p>\n","protected":false},"author":2,"featured_media":0,"comment_status":"closed","ping_status":"open","sticky":false,"template":"","format":"standard","meta":{"footnotes":"","_wp_rev_ctl_limit":""},"categories":[1007,76,988,468,75],"tags":[303,78,990,1094,1526,1486,306,239],"class_list":["post-7039","post","type-post","status-publish","format-standard","hentry","category-1-weltkrieg","category-frankreich","category-grand-est","category-vogesen-elsass","category-westfront","tag-elsass","tag-frankreich","tag-grand-est","tag-landsturmmann","tag-menschter","tag-muenster","tag-vogesen","tag-westfront"],"_links":{"self":[{"href":"http:\/\/soldatenschicksale.de\/index.php?rest_route=\/wp\/v2\/posts\/7039","targetHints":{"allow":["GET"]}}],"collection":[{"href":"http:\/\/soldatenschicksale.de\/index.php?rest_route=\/wp\/v2\/posts"}],"about":[{"href":"http:\/\/soldatenschicksale.de\/index.php?rest_route=\/wp\/v2\/types\/post"}],"author":[{"embeddable":true,"href":"http:\/\/soldatenschicksale.de\/index.php?rest_route=\/wp\/v2\/users\/2"}],"replies":[{"embeddable":true,"href":"http:\/\/soldatenschicksale.de\/index.php?rest_route=%2Fwp%2Fv2%2Fcomments&post=7039"}],"version-history":[{"count":3,"href":"http:\/\/soldatenschicksale.de\/index.php?rest_route=\/wp\/v2\/posts\/7039\/revisions"}],"predecessor-version":[{"id":7044,"href":"http:\/\/soldatenschicksale.de\/index.php?rest_route=\/wp\/v2\/posts\/7039\/revisions\/7044"}],"wp:attachment":[{"href":"http:\/\/soldatenschicksale.de\/index.php?rest_route=%2Fwp%2Fv2%2Fmedia&parent=7039"}],"wp:term":[{"taxonomy":"category","embeddable":true,"href":"http:\/\/soldatenschicksale.de\/index.php?rest_route=%2Fwp%2Fv2%2Fcategories&post=7039"},{"taxonomy":"post_tag","embeddable":true,"href":"http:\/\/soldatenschicksale.de\/index.php?rest_route=%2Fwp%2Fv2%2Ftags&post=7039"}],"curies":[{"name":"wp","href":"https:\/\/api.w.org\/{rel}","templated":true}]}}