{"id":7052,"date":"2026-03-12T00:00:22","date_gmt":"2026-03-11T23:00:22","guid":{"rendered":"http:\/\/soldatenschicksale.de\/?p=7052"},"modified":"2025-09-30T08:17:22","modified_gmt":"2025-09-30T06:17:22","slug":"soldatenschicksale-des-1-weltkrieges-teil-560-mathias-weisser","status":"publish","type":"post","link":"http:\/\/soldatenschicksale.de\/?p=7052","title":{"rendered":"Soldatenschicksale des 1. Weltkrieges Teil 560: Mathias Weisser"},"content":{"rendered":"<p>Der Soldat Mathias Weisser stammte aus <a href=\"https:\/\/de.wikipedia.org\/wiki\/St._Georgen_im_Schwarzwald\" target=\"_blank\" rel=\"noopener\">St. Georgen im Schwarzwald<\/a> und k\u00e4mpfte im Ersten Weltkrieg als Landsturmmann. Am 08.05.1917 fiel er w\u00e4hrend der K\u00e4mpfe in den Vogesen nahe der Stadt <a href=\"https:\/\/de.wikipedia.org\/wiki\/Munster_(Haut-Rhin)\" target=\"_blank\" rel=\"noopener\">M\u00fcnster<\/a> (franz\u00f6sisch: Munster, els\u00e4ssisch: Menschter).<\/p>\n<p>Man begrub Mathias Weisser auf dem Soldatenfriedhof <span data-sheets-root=\"1\"><a class=\"in-cell-link\" href=\"https:\/\/goo.gl\/maps\/P4rSTZbxnXm\" target=\"_blank\" rel=\"noopener\">Munster<\/a><\/span> in Block 1 Grab 87.<\/p>\n<figure id=\"attachment_4093\" aria-describedby=\"caption-attachment-4093\" style=\"width: 508px\" class=\"wp-caption aligncenter\"><img loading=\"lazy\" decoding=\"async\" class=\"size-full wp-image-4093\" src=\"http:\/\/soldatenschicksale.de\/wp-content\/uploads\/2025\/02\/Mathias-Weisser-Edmund-Schmidt.jpg\" alt=\"\" width=\"508\" height=\"800\" srcset=\"http:\/\/soldatenschicksale.de\/wp-content\/uploads\/2025\/02\/Mathias-Weisser-Edmund-Schmidt.jpg 508w, http:\/\/soldatenschicksale.de\/wp-content\/uploads\/2025\/02\/Mathias-Weisser-Edmund-Schmidt-191x300.jpg 191w\" sizes=\"auto, (max-width: 508px) 85vw, 508px\" \/><figcaption id=\"caption-attachment-4093\" class=\"wp-caption-text\">Das Grab von Mathias Weisser und Edmund Schmidt auf dem Soldatenfriedhof M\u00fcnster<\/figcaption><\/figure>\n","protected":false},"excerpt":{"rendered":"<p>Der Soldat Mathias Weisser stammte aus St. Georgen im Schwarzwald und k\u00e4mpfte im Ersten Weltkrieg als Landsturmmann. Am 08.05.1917 fiel er w\u00e4hrend der K\u00e4mpfe in den Vogesen nahe der Stadt M\u00fcnster (franz\u00f6sisch: Munster, els\u00e4ssisch: Menschter). Man begrub Mathias Weisser auf dem Soldatenfriedhof Munster in Block 1 Grab 87.<\/p>\n","protected":false},"author":2,"featured_media":0,"comment_status":"closed","ping_status":"open","sticky":false,"template":"","format":"standard","meta":{"footnotes":"","_wp_rev_ctl_limit":""},"categories":[1007,76,988,468,75],"tags":[99,303,78,990,1094,1526,1486,2360,306,239],"class_list":["post-7052","post","type-post","status-publish","format-standard","hentry","category-1-weltkrieg","category-frankreich","category-grand-est","category-vogesen-elsass","category-westfront","tag-baden-wuerttemberg","tag-elsass","tag-frankreich","tag-grand-est","tag-landsturmmann","tag-menschter","tag-muenster","tag-st-georgen-im-schwarzwald","tag-vogesen","tag-westfront"],"_links":{"self":[{"href":"http:\/\/soldatenschicksale.de\/index.php?rest_route=\/wp\/v2\/posts\/7052","targetHints":{"allow":["GET"]}}],"collection":[{"href":"http:\/\/soldatenschicksale.de\/index.php?rest_route=\/wp\/v2\/posts"}],"about":[{"href":"http:\/\/soldatenschicksale.de\/index.php?rest_route=\/wp\/v2\/types\/post"}],"author":[{"embeddable":true,"href":"http:\/\/soldatenschicksale.de\/index.php?rest_route=\/wp\/v2\/users\/2"}],"replies":[{"embeddable":true,"href":"http:\/\/soldatenschicksale.de\/index.php?rest_route=%2Fwp%2Fv2%2Fcomments&post=7052"}],"version-history":[{"count":3,"href":"http:\/\/soldatenschicksale.de\/index.php?rest_route=\/wp\/v2\/posts\/7052\/revisions"}],"predecessor-version":[{"id":7057,"href":"http:\/\/soldatenschicksale.de\/index.php?rest_route=\/wp\/v2\/posts\/7052\/revisions\/7057"}],"wp:attachment":[{"href":"http:\/\/soldatenschicksale.de\/index.php?rest_route=%2Fwp%2Fv2%2Fmedia&parent=7052"}],"wp:term":[{"taxonomy":"category","embeddable":true,"href":"http:\/\/soldatenschicksale.de\/index.php?rest_route=%2Fwp%2Fv2%2Fcategories&post=7052"},{"taxonomy":"post_tag","embeddable":true,"href":"http:\/\/soldatenschicksale.de\/index.php?rest_route=%2Fwp%2Fv2%2Ftags&post=7052"}],"curies":[{"name":"wp","href":"https:\/\/api.w.org\/{rel}","templated":true}]}}