{"id":720,"date":"2021-05-13T00:00:25","date_gmt":"2021-05-12T23:00:25","guid":{"rendered":"http:\/\/soldatenschicksale.de\/?p=720"},"modified":"2021-05-22T09:58:18","modified_gmt":"2021-05-22T08:58:18","slug":"soldatenschicksale-des-2-weltkrieges-teil-85-josef-kammerstaetter","status":"publish","type":"post","link":"http:\/\/soldatenschicksale.de\/?p=720","title":{"rendered":"Soldatenschicksale des 2. Weltkrieges Teil 85: Josef Kammerst\u00e4tter"},"content":{"rendered":"<p>Der Soldat Josef Kammerst\u00e4tter wurde am 20.02.1907 geboren und stammte aus der \u00f6sterreichischen Gemeinde <a href=\"https:\/\/de.wikipedia.org\/wiki\/Hochburg-Ach\" target=\"_blank\" rel=\"noopener\">Hochburg-Ach<\/a>. Er war Postschaffner und Hausbesitzer. Im Zweiten Weltkrieg diente er als Gefreiter in der Wehrmacht. Am 02.04.1945 fiel er im Alter von 37 Jahren bei den\u00a0 Abwehrk\u00e4mpfen vor <a href=\"https:\/\/de.wikipedia.org\/wiki\/Kassel\" target=\"_blank\" rel=\"noopener\">Kassel<\/a> in <a href=\"https:\/\/de.wikipedia.org\/wiki\/K%C3%BCchen_(Hessisch_Lichtenau)\" target=\"_blank\" rel=\"noopener\">K\u00fcchen<\/a>, einem Stadtteil der hessischen Stadt <a href=\"https:\/\/de.wikipedia.org\/wiki\/Hessisch_Lichtenau\" target=\"_blank\" rel=\"noopener\">Hesisch Lichtenau<\/a>.<\/p>\n<p>Man begrub Josef Kammerst\u00e4tter auf dem Soldatenfriedhof <a href=\"https:\/\/de.wikipedia.org\/wiki\/Wendershausen_(Witzenhausen)\" target=\"_blank\" rel=\"noopener\">Witzenhausen-Wendershausen-Ludwigstein<\/a> in Grab 191.<\/p>\n<figure id=\"attachment_717\" aria-describedby=\"caption-attachment-717\" style=\"width: 800px\" class=\"wp-caption aligncenter\"><img loading=\"lazy\" decoding=\"async\" class=\"size-full wp-image-717\" src=\"http:\/\/soldatenschicksale.de\/wp-content\/uploads\/2021\/05\/Josef-Kammerstaetter-vorne.jpg\" alt=\"\" width=\"800\" height=\"642\" srcset=\"http:\/\/soldatenschicksale.de\/wp-content\/uploads\/2021\/05\/Josef-Kammerstaetter-vorne.jpg 800w, http:\/\/soldatenschicksale.de\/wp-content\/uploads\/2021\/05\/Josef-Kammerstaetter-vorne-300x241.jpg 300w, http:\/\/soldatenschicksale.de\/wp-content\/uploads\/2021\/05\/Josef-Kammerstaetter-vorne-768x616.jpg 768w\" sizes=\"auto, (max-width: 709px) 85vw, (max-width: 909px) 67vw, (max-width: 984px) 61vw, (max-width: 1362px) 45vw, 600px\" \/><figcaption id=\"caption-attachment-717\" class=\"wp-caption-text\">Sterbebild von Josef Kammerst\u00e4tter<\/figcaption><\/figure>\n<figure id=\"attachment_716\" aria-describedby=\"caption-attachment-716\" style=\"width: 800px\" class=\"wp-caption aligncenter\"><img loading=\"lazy\" decoding=\"async\" class=\"size-full wp-image-716\" src=\"http:\/\/soldatenschicksale.de\/wp-content\/uploads\/2021\/05\/Josef-Kammerstaetter-hinten.jpg\" alt=\"\" width=\"800\" height=\"642\" srcset=\"http:\/\/soldatenschicksale.de\/wp-content\/uploads\/2021\/05\/Josef-Kammerstaetter-hinten.jpg 800w, http:\/\/soldatenschicksale.de\/wp-content\/uploads\/2021\/05\/Josef-Kammerstaetter-hinten-300x241.jpg 300w, http:\/\/soldatenschicksale.de\/wp-content\/uploads\/2021\/05\/Josef-Kammerstaetter-hinten-768x616.jpg 768w\" sizes=\"auto, (max-width: 709px) 85vw, (max-width: 909px) 67vw, (max-width: 984px) 61vw, (max-width: 1362px) 45vw, 600px\" \/><figcaption id=\"caption-attachment-716\" class=\"wp-caption-text\">R\u00fcckseite des Sterbebildes von Josef Kammerst\u00e4tter<\/figcaption><\/figure>\n<figure id=\"attachment_802\" aria-describedby=\"caption-attachment-802\" style=\"width: 800px\" class=\"wp-caption aligncenter\"><img loading=\"lazy\" decoding=\"async\" class=\"size-full wp-image-802\" src=\"http:\/\/soldatenschicksale.de\/wp-content\/uploads\/2021\/05\/Todesanzeige-von-Josef-Kammerstaetter-hinten.jpg\" alt=\"\" width=\"800\" height=\"566\" srcset=\"http:\/\/soldatenschicksale.de\/wp-content\/uploads\/2021\/05\/Todesanzeige-von-Josef-Kammerstaetter-hinten.jpg 800w, http:\/\/soldatenschicksale.de\/wp-content\/uploads\/2021\/05\/Todesanzeige-von-Josef-Kammerstaetter-hinten-300x212.jpg 300w, http:\/\/soldatenschicksale.de\/wp-content\/uploads\/2021\/05\/Todesanzeige-von-Josef-Kammerstaetter-hinten-768x543.jpg 768w\" sizes=\"auto, (max-width: 709px) 85vw, (max-width: 909px) 67vw, (max-width: 984px) 61vw, (max-width: 1362px) 45vw, 600px\" \/><figcaption id=\"caption-attachment-802\" class=\"wp-caption-text\">Todesanzeige von Josef Kammerst\u00e4tter hinten<\/figcaption><\/figure>\n<figure id=\"attachment_803\" aria-describedby=\"caption-attachment-803\" style=\"width: 800px\" class=\"wp-caption aligncenter\"><img loading=\"lazy\" decoding=\"async\" class=\"size-full wp-image-803\" src=\"http:\/\/soldatenschicksale.de\/wp-content\/uploads\/2021\/05\/Todesanzeige-von-Josef-Kammerstaetter-vorne.jpg\" alt=\"\" width=\"800\" height=\"566\" srcset=\"http:\/\/soldatenschicksale.de\/wp-content\/uploads\/2021\/05\/Todesanzeige-von-Josef-Kammerstaetter-vorne.jpg 800w, http:\/\/soldatenschicksale.de\/wp-content\/uploads\/2021\/05\/Todesanzeige-von-Josef-Kammerstaetter-vorne-300x212.jpg 300w, http:\/\/soldatenschicksale.de\/wp-content\/uploads\/2021\/05\/Todesanzeige-von-Josef-Kammerstaetter-vorne-768x543.jpg 768w\" sizes=\"auto, (max-width: 709px) 85vw, (max-width: 909px) 67vw, (max-width: 984px) 61vw, (max-width: 1362px) 45vw, 600px\" \/><figcaption id=\"caption-attachment-803\" class=\"wp-caption-text\">Todesanzeige von Josef Kammerst\u00e4tter vorne<\/figcaption><\/figure>\n","protected":false},"excerpt":{"rendered":"<p>Der Soldat Josef Kammerst\u00e4tter wurde am 20.02.1907 geboren und stammte aus der \u00f6sterreichischen Gemeinde Hochburg-Ach. Er war Postschaffner und Hausbesitzer. Im Zweiten Weltkrieg diente er als Gefreiter in der Wehrmacht. Am 02.04.1945 fiel er im Alter von 37 Jahren bei den\u00a0 Abwehrk\u00e4mpfen vor Kassel in K\u00fcchen, einem Stadtteil der hessischen Stadt Hesisch Lichtenau. Man begrub &hellip; <a href=\"http:\/\/soldatenschicksale.de\/?p=720\" class=\"more-link\"><span class=\"screen-reader-text\">\u201eSoldatenschicksale des 2. Weltkrieges Teil 85: Josef Kammerst\u00e4tter\u201c <\/span>weiterlesen<\/a><\/p>\n","protected":false},"author":2,"featured_media":0,"comment_status":"closed","ping_status":"open","sticky":false,"template":"","format":"standard","meta":{"footnotes":"","_wp_rev_ctl_limit":""},"categories":[79,75],"tags":[465,11,461,464,467,459,462,463,82,460,14,466],"class_list":["post-720","post","type-post","status-publish","format-standard","hentry","category-heimat","category-westfront","tag-abwehrkaempfe","tag-gefreiter","tag-hausbesitzer","tag-hessen","tag-hessisch-lichtenau","tag-hochburg-ach","tag-kassel","tag-kuechen","tag-oesterreich","tag-postschaffner","tag-wehrmacht","tag-witzenhausen-wendershausen-ludwigstein"],"_links":{"self":[{"href":"http:\/\/soldatenschicksale.de\/index.php?rest_route=\/wp\/v2\/posts\/720","targetHints":{"allow":["GET"]}}],"collection":[{"href":"http:\/\/soldatenschicksale.de\/index.php?rest_route=\/wp\/v2\/posts"}],"about":[{"href":"http:\/\/soldatenschicksale.de\/index.php?rest_route=\/wp\/v2\/types\/post"}],"author":[{"embeddable":true,"href":"http:\/\/soldatenschicksale.de\/index.php?rest_route=\/wp\/v2\/users\/2"}],"replies":[{"embeddable":true,"href":"http:\/\/soldatenschicksale.de\/index.php?rest_route=%2Fwp%2Fv2%2Fcomments&post=720"}],"version-history":[{"count":0,"href":"http:\/\/soldatenschicksale.de\/index.php?rest_route=\/wp\/v2\/posts\/720\/revisions"}],"wp:attachment":[{"href":"http:\/\/soldatenschicksale.de\/index.php?rest_route=%2Fwp%2Fv2%2Fmedia&parent=720"}],"wp:term":[{"taxonomy":"category","embeddable":true,"href":"http:\/\/soldatenschicksale.de\/index.php?rest_route=%2Fwp%2Fv2%2Fcategories&post=720"},{"taxonomy":"post_tag","embeddable":true,"href":"http:\/\/soldatenschicksale.de\/index.php?rest_route=%2Fwp%2Fv2%2Ftags&post=720"}],"curies":[{"name":"wp","href":"https:\/\/api.w.org\/{rel}","templated":true}]}}