{"id":7340,"date":"2025-10-18T21:00:58","date_gmt":"2025-10-18T19:00:58","guid":{"rendered":"http:\/\/soldatenschicksale.de\/?p=7340"},"modified":"2025-10-18T17:03:22","modified_gmt":"2025-10-18T15:03:22","slug":"sonderbeitrag-johann-zierer","status":"publish","type":"post","link":"http:\/\/soldatenschicksale.de\/?p=7340","title":{"rendered":"Sonderbeitrag: Johann Zierer"},"content":{"rendered":"<p>Der Soldat Johann Zierer stammte aus der bayerischen Ortschaft\u00a0 Moos. Im Ersten Weltkrieg k\u00e4mpfte er als Ersatz-Reservist in der 10. Kompanie des 1. bayerischen Landwehr-Infanterie-Regiments. Am 17.04.1915 fiel er w\u00e4hrend der K\u00e4mpfe in den Vogesen nahe der Stadt <a href=\"https:\/\/de.wikipedia.org\/wiki\/Munster_(Haut-Rhin)\" target=\"_blank\" rel=\"noopener\">M\u00fcnster<\/a> (franz\u00f6sisch: Munster, els\u00e4ssisch: Menschter). Er wurde w\u00e4hrend der K\u00e4mpfe am Eichenrain get\u00f6tet.<\/p>\n<p>\u00dcber den Todestag von Johann Zierer berichtet die Regimentsgeschichte des 1. bayerischen Landwehr-Infanterie-Regiment:<\/p>\n<blockquote><p><em>\u201eDie Kompanien setzten alsbald mit reger Patrouillent\u00e4tigkeit ins Vorgel\u00e4nde ein. Der dar\u00fcber ver\u00e4rgerte Feind sandte am 17. April einige wohlgezielte Artilleriesch\u00fcsse her\u00fcber, die bei der 12. Kompanie zwei Tote und zwei Verwundete,\u00a0<strong>bei der 10. Kompanie in der Nordh\u00fctte 18 Tote<\/strong>, 15 Schwer- und vier Leichtverwundete zur Folge hatten.\u201c<\/em><\/p><\/blockquote>\n<p>Man gebrub Johann Zierer auf dem Soldatenfriedhof <span data-sheets-root=\"1\"><a class=\"in-cell-link\" href=\"https:\/\/www.google.de\/maps\/place\/La+n%C3%A9cropole+allemande+du+Linge+Hohrod\/@48.0789162,7.1419617,494m\/data=!3m1!1e3!4m12!1m6!3m5!1s0x4793d8d8db925e89:0xba92ac4cb3276849!2sLinge+Memorial!8m2!3d48.083526!4d7.140328!3m4!1s0x4793d8ddb8ffffff:0xf865918dce0a94d2!8m2!3d48.0789042!4d7.1443239\" target=\"_blank\" rel=\"noopener\">Hohrod<\/a><\/span> in Block 1, Grab 1.<\/p>\n<figure id=\"attachment_7341\" aria-describedby=\"caption-attachment-7341\" style=\"width: 564px\" class=\"wp-caption aligncenter\"><img loading=\"lazy\" decoding=\"async\" class=\"size-full wp-image-7341\" src=\"http:\/\/soldatenschicksale.de\/wp-content\/uploads\/2025\/10\/Johann-Zierer.jpg\" alt=\"\" width=\"564\" height=\"800\" srcset=\"http:\/\/soldatenschicksale.de\/wp-content\/uploads\/2025\/10\/Johann-Zierer.jpg 564w, http:\/\/soldatenschicksale.de\/wp-content\/uploads\/2025\/10\/Johann-Zierer-212x300.jpg 212w\" sizes=\"auto, (max-width: 564px) 85vw, 564px\" \/><figcaption id=\"caption-attachment-7341\" class=\"wp-caption-text\">Das Grab von Johann Zierer auf dem Soldatenfriedhof Hohrod<\/figcaption><\/figure>\n","protected":false},"excerpt":{"rendered":"<p>Der Soldat Johann Zierer stammte aus der bayerischen Ortschaft\u00a0 Moos. Im Ersten Weltkrieg k\u00e4mpfte er als Ersatz-Reservist in der 10. Kompanie des 1. bayerischen Landwehr-Infanterie-Regiments. Am 17.04.1915 fiel er w\u00e4hrend der K\u00e4mpfe in den Vogesen nahe der Stadt M\u00fcnster (franz\u00f6sisch: Munster, els\u00e4ssisch: Menschter). Er wurde w\u00e4hrend der K\u00e4mpfe am Eichenrain get\u00f6tet. \u00dcber den Todestag von &hellip; <a href=\"http:\/\/soldatenschicksale.de\/?p=7340\" class=\"more-link\"><span class=\"screen-reader-text\">\u201eSonderbeitrag: Johann Zierer\u201c <\/span>weiterlesen<\/a><\/p>\n","protected":false},"author":2,"featured_media":0,"comment_status":"closed","ping_status":"open","sticky":false,"template":"","format":"standard","meta":{"footnotes":"","_wp_rev_ctl_limit":""},"categories":[1007,76,988,468,75],"tags":[1495,21,1541,303,1326,78,990,1650,1526,941,1486,994,306,239],"class_list":["post-7340","post","type-post","status-publish","format-standard","hentry","category-1-weltkrieg","category-frankreich","category-grand-est","category-vogesen-elsass","category-westfront","tag-1-bayerisches-landwehr-infanterie-regiment","tag-bayern","tag-eichenrain","tag-elsass","tag-ersatz-reservist","tag-frankreich","tag-grand-est","tag-hohrod","tag-menschter","tag-moos","tag-muenster","tag-regimentsgeschichte","tag-vogesen","tag-westfront"],"_links":{"self":[{"href":"http:\/\/soldatenschicksale.de\/index.php?rest_route=\/wp\/v2\/posts\/7340","targetHints":{"allow":["GET"]}}],"collection":[{"href":"http:\/\/soldatenschicksale.de\/index.php?rest_route=\/wp\/v2\/posts"}],"about":[{"href":"http:\/\/soldatenschicksale.de\/index.php?rest_route=\/wp\/v2\/types\/post"}],"author":[{"embeddable":true,"href":"http:\/\/soldatenschicksale.de\/index.php?rest_route=\/wp\/v2\/users\/2"}],"replies":[{"embeddable":true,"href":"http:\/\/soldatenschicksale.de\/index.php?rest_route=%2Fwp%2Fv2%2Fcomments&post=7340"}],"version-history":[{"count":3,"href":"http:\/\/soldatenschicksale.de\/index.php?rest_route=\/wp\/v2\/posts\/7340\/revisions"}],"predecessor-version":[{"id":7347,"href":"http:\/\/soldatenschicksale.de\/index.php?rest_route=\/wp\/v2\/posts\/7340\/revisions\/7347"}],"wp:attachment":[{"href":"http:\/\/soldatenschicksale.de\/index.php?rest_route=%2Fwp%2Fv2%2Fmedia&parent=7340"}],"wp:term":[{"taxonomy":"category","embeddable":true,"href":"http:\/\/soldatenschicksale.de\/index.php?rest_route=%2Fwp%2Fv2%2Fcategories&post=7340"},{"taxonomy":"post_tag","embeddable":true,"href":"http:\/\/soldatenschicksale.de\/index.php?rest_route=%2Fwp%2Fv2%2Ftags&post=7340"}],"curies":[{"name":"wp","href":"https:\/\/api.w.org\/{rel}","templated":true}]}}