{"id":7396,"date":"2025-10-19T10:00:20","date_gmt":"2025-10-19T08:00:20","guid":{"rendered":"http:\/\/soldatenschicksale.de\/?p=7396"},"modified":"2025-10-18T20:05:45","modified_gmt":"2025-10-18T18:05:45","slug":"sonderbeitrag-julius-westfeld","status":"publish","type":"post","link":"http:\/\/soldatenschicksale.de\/?p=7396","title":{"rendered":"Sonderbeitrag: Julius Westfeld"},"content":{"rendered":"<p>Der j\u00fcdische Soldat Julius Westfeld wurde am 09.12.1897 in <a href=\"https:\/\/de.wikipedia.org\/wiki\/Halberstadt\" target=\"_blank\" rel=\"noopener\">Halberstadt<\/a> (Reichsbund j\u00fcdischer Frontsoldaten: <a href=\"https:\/\/de.wikipedia.org\/wiki\/Blankenburg_(Harz)\" target=\"_blank\" rel=\"noopener\">Blankenburg<\/a>) geboren. Im Ersten Weltkrieg k\u00e4mpfte er als Kriegsfreiwilliger in der 6. Kompanie des 78. Reserve-Infanterie-Regiments. Am 31.08.1915 fiel er w\u00e4hrend der K\u00e4mpfe in den Vogesen n\u00f6rdlich der Stadt <a href=\"https:\/\/de.wikipedia.org\/wiki\/Munster_(Haut-Rhin)\" target=\"_blank\" rel=\"noopener\">M\u00fcnster<\/a> (franz\u00f6sisch: Munster, els\u00e4ssisch: Menschter) im Alter von 17 Jahren am <a href=\"https:\/\/maps.app.goo.gl\/3FP81A7DJFS4psXG9\" target=\"_blank\" rel=\"noopener\">Schratzm\u00e4nnele<\/a>.<\/p>\n<p>Man begrub Julius Westfeld auf dem Soldatenfriedhof <span data-sheets-root=\"1\"><a class=\"in-cell-link\" href=\"https:\/\/www.google.de\/maps\/place\/La+n%C3%A9cropole+allemande+du+Linge+Hohrod\/@48.0789162,7.1419617,494m\/data=!3m1!1e3!4m12!1m6!3m5!1s0x4793d8d8db925e89:0xba92ac4cb3276849!2sLinge+Memorial!8m2!3d48.083526!4d7.140328!3m4!1s0x4793d8ddb8ffffff:0xf865918dce0a94d2!8m2!3d48.0789042!4d7.1443239\" target=\"_blank\" rel=\"noopener\">Hohrod<\/a><\/span> in <span data-sheets-root=\"1\">Block 4, Grab 126.<\/span><\/p>\n<figure id=\"attachment_7397\" aria-describedby=\"caption-attachment-7397\" style=\"width: 622px\" class=\"wp-caption aligncenter\"><img loading=\"lazy\" decoding=\"async\" class=\"size-full wp-image-7397\" src=\"http:\/\/soldatenschicksale.de\/wp-content\/uploads\/2025\/10\/Julius-Westfeld.jpg\" alt=\"\" width=\"622\" height=\"800\" srcset=\"http:\/\/soldatenschicksale.de\/wp-content\/uploads\/2025\/10\/Julius-Westfeld.jpg 622w, http:\/\/soldatenschicksale.de\/wp-content\/uploads\/2025\/10\/Julius-Westfeld-233x300.jpg 233w\" sizes=\"auto, (max-width: 709px) 85vw, (max-width: 909px) 67vw, (max-width: 984px) 61vw, (max-width: 1362px) 45vw, 600px\" \/><figcaption id=\"caption-attachment-7397\" class=\"wp-caption-text\">Das Grab von Julius Westfeld auf dem Soldatenfriedhof Hohrod<\/figcaption><\/figure>\n","protected":false},"excerpt":{"rendered":"<p>Der j\u00fcdische Soldat Julius Westfeld wurde am 09.12.1897 in Halberstadt (Reichsbund j\u00fcdischer Frontsoldaten: Blankenburg) geboren. Im Ersten Weltkrieg k\u00e4mpfte er als Kriegsfreiwilliger in der 6. Kompanie des 78. Reserve-Infanterie-Regiments. Am 31.08.1915 fiel er w\u00e4hrend der K\u00e4mpfe in den Vogesen n\u00f6rdlich der Stadt M\u00fcnster (franz\u00f6sisch: Munster, els\u00e4ssisch: Menschter) im Alter von 17 Jahren am Schratzm\u00e4nnele. Man &hellip; <a href=\"http:\/\/soldatenschicksale.de\/?p=7396\" class=\"more-link\"><span class=\"screen-reader-text\">\u201eSonderbeitrag: Julius Westfeld\u201c <\/span>weiterlesen<\/a><\/p>\n","protected":false},"author":2,"featured_media":0,"comment_status":"closed","ping_status":"open","sticky":false,"template":"","format":"standard","meta":{"footnotes":"","_wp_rev_ctl_limit":""},"categories":[1007,76,988,468,75],"tags":[1594,2435,303,78,990,2434,1650,1366,1578,1526,1486,2436,1670,306,239],"class_list":["post-7396","post","type-post","status-publish","format-standard","hentry","category-1-weltkrieg","category-frankreich","category-grand-est","category-vogesen-elsass","category-westfront","tag-78-reserve-infanterie-regiment","tag-blankenburg","tag-elsass","tag-frankreich","tag-grand-est","tag-halberstadt","tag-hohrod","tag-jude","tag-kriegsfreiwilliger","tag-menschter","tag-muenster","tag-reichsbund-juedischer-frontsoldaten","tag-schratzmaennle","tag-vogesen","tag-westfront"],"_links":{"self":[{"href":"http:\/\/soldatenschicksale.de\/index.php?rest_route=\/wp\/v2\/posts\/7396","targetHints":{"allow":["GET"]}}],"collection":[{"href":"http:\/\/soldatenschicksale.de\/index.php?rest_route=\/wp\/v2\/posts"}],"about":[{"href":"http:\/\/soldatenschicksale.de\/index.php?rest_route=\/wp\/v2\/types\/post"}],"author":[{"embeddable":true,"href":"http:\/\/soldatenschicksale.de\/index.php?rest_route=\/wp\/v2\/users\/2"}],"replies":[{"embeddable":true,"href":"http:\/\/soldatenschicksale.de\/index.php?rest_route=%2Fwp%2Fv2%2Fcomments&post=7396"}],"version-history":[{"count":3,"href":"http:\/\/soldatenschicksale.de\/index.php?rest_route=\/wp\/v2\/posts\/7396\/revisions"}],"predecessor-version":[{"id":7404,"href":"http:\/\/soldatenschicksale.de\/index.php?rest_route=\/wp\/v2\/posts\/7396\/revisions\/7404"}],"wp:attachment":[{"href":"http:\/\/soldatenschicksale.de\/index.php?rest_route=%2Fwp%2Fv2%2Fmedia&parent=7396"}],"wp:term":[{"taxonomy":"category","embeddable":true,"href":"http:\/\/soldatenschicksale.de\/index.php?rest_route=%2Fwp%2Fv2%2Fcategories&post=7396"},{"taxonomy":"post_tag","embeddable":true,"href":"http:\/\/soldatenschicksale.de\/index.php?rest_route=%2Fwp%2Fv2%2Ftags&post=7396"}],"curies":[{"name":"wp","href":"https:\/\/api.w.org\/{rel}","templated":true}]}}