{"id":7472,"date":"2026-04-27T00:00:01","date_gmt":"2026-04-26T22:00:01","guid":{"rendered":"http:\/\/soldatenschicksale.de\/?p=7472"},"modified":"2025-10-20T20:15:56","modified_gmt":"2025-10-20T18:15:56","slug":"soldatenschicksale-des-1-weltkrieges-teil-605-josef-langgartner","status":"publish","type":"post","link":"http:\/\/soldatenschicksale.de\/?p=7472","title":{"rendered":"Soldatenschicksale des 1. Weltkrieges Teil 605: Josef Lang"},"content":{"rendered":"<p>Der Soldat Josef Lang stammte aus der bayerischen Gemeinde <a href=\"https:\/\/de.wikipedia.org\/wiki\/Tittling\" target=\"_blank\" rel=\"noopener\">Tittling<\/a>. Im Ersten Weltkrieg k\u00e4mpfte er als Offiziersstellvertreter in der 5. Kompanie des 1. bayerischen Landwehr-Infanterie-Regiments. Am 22.07.1915 fiel er w\u00e4hrend der K\u00e4mpfe in den Vogesen nahe der Stadt <a href=\"https:\/\/de.wikipedia.org\/wiki\/Munster_(Haut-Rhin)\" target=\"_blank\" rel=\"noopener\">M\u00fcnster<\/a> (franz\u00f6sisch: Munster, els\u00e4ssisch: Menschter) am <a href=\"https:\/\/de.wikipedia.org\/wiki\/Collet_du_Linge\" target=\"_blank\" rel=\"noopener\">Lingekopf<\/a>.<\/p>\n<p>\u00dcber den Todestag und die Todesumst\u00e4nde von Josef Lang berichtet die Regimentsgeschichte des 1. bayerischen Landwehr-Infanterie-Regiments:<\/p>\n<blockquote><p>&#8222;Am 22. Juli um 5.30 Uhr vormittags setzte starkes Artilleriefeuer leichten und schweren Kalibers auf die Hauptstellung am Lingekopf ein, wodurch die 8. Kompanie schwere Verluste erlitt. (Leutnant Drangmeister gefallen). Auch bei der in Reserve befindlichen 6. Kompanie gab es Verluste.<\/p>\n<p>Als zwischen 9 Uhr und 10 Uhr vormittags das Artilleriefeuer schw\u00e4cher wurde, lie\u00df der Kommandeur von II.\/Landwehr-Infanterie-Regiment 1 in Erwartung des Infanterieangriffs die Hauptstellung am Lingekopf noch durch zwei Z\u00fcge verst\u00e4rken, nahm sie aber alsbald wieder zur\u00fcck, weil neuerdings heftiges Artilleriefeuer, untermischt mit Infanterie- und Maschinengewehrfeuer, eingesetzt.<\/p>\n<p>12 Uhr mittags verlegte die feindliche Artillerie ihr Feuer nach r\u00fcckw\u00e4rts, was auf einen bevorstehenden Angriff deutete. Deshalb erhielt die 6. Kompanie den Befehl, die Hauptstellung am Lingekopf durch s\u00e4mtliche drei Z\u00fcge zu verst\u00e4rken. Tats\u00e4chlich setzte auch gleich darauf der Angriff ein. Der Feind griff den ganzen Lingekopf an und gelangte bis zu dem durch Artilleriefeuer stark besch\u00e4digten Drahthindernis vor der Lingekopfstellung, durch welches er an einigen Stellen durchdrang. Beim Vorgehen versteckten sich die franz\u00f6sischen Alpenj\u00e4ger sehr gewandt hinter Steinbl\u00f6cken und B\u00fcschen. Sie feuerten wei\u00dfe und rote Signalkugeln ab. Infolge unseres heftigen Infanteriefeuers gelang es ihnen jedoch nicht, obwohl sie sich stellenweise im toten Winkel Deckung verschaffen konnten, an die Hauptstellung heranzukommen. Als sie die Unm\u00f6glichkeit hiezu erkannt hatten, versuchten sie, wie durch eine von der Nordseite des Lingekopfs vorgeschickte Patrouille erkundet wurde, sich unter Ben\u00fctzung des toten Winkels etwa 100 Meter vor der Lingekopf-Stellung einzugraben. Einem von Norden her vorgeschickte Halbzug der 10. Kompanie Landwehr-Infanterie-Regiment 3 gelang es, durch Flankenfeuer diesen Versuch zu vereiteln. Auch durch Flankenfeuer eines Maschinengewehrs aus Bastion I auf dem Eichenrain wurde der Lingekopf-Hang bestrichen, was die Lage wesentlich erleichterte. Dem weiteren Versuch der Franzosen, ein Maschinengewehr heranzubringen, wurde mit Handgranaten wirksam begegnet. Zwischen 4 Uhr und 5 Uhr 30 nachmittags lag starkes Artilleriefeuer auf dem B\u00e4renstall, zwischen 6.30 Uhr und 8.30 Uhr abends desgleichen auf Schratzm\u00e4nnele, Lingekopf und Lingehang.<\/p>\n<p>Bei diesen K\u00e4mpfen zeichnete sich besonders Wehrmann Josef Sattler der 8. Kompanie aus. Nachdem Zugf\u00fchrer, Leutnant Drangmeister, und stellvertretender Zugf\u00fchrer, Unteroffizier Oelkofner, gefallen waren, \u00fcbernahm bei Beginn des Angriffs Sattler die F\u00fchrung von drei Gruppen, warf die Franzosen zur\u00fcck und brachte durch Handgranaten einen Versuch des Feindes, sich ungef\u00e4hr 100 Meter vor der Stellung im toten Winkel einzugraben, zum Scheitern. Den Gefreiten Digeser, der bei dieser Gelegenheit schwer verwundet wurde, holte er zwei Stunden sp\u00e4ter herein. F\u00fcrsein Verhalten wurde ihm das Eiserne Kreuz 2. Klasse verliehen und durch den Regimentskommandeur pers\u00f6nlich \u00fcberreicht.&#8220;<\/p><\/blockquote>\n<p>Man begrub Josef Lang auf dem Soldatenfriedhof <span data-sheets-root=\"1\"><a class=\"in-cell-link\" href=\"https:\/\/www.google.de\/maps\/place\/La+n%C3%A9cropole+allemande+du+Linge+Hohrod\/@48.0789162,7.1419617,494m\/data=!3m1!1e3!4m12!1m6!3m5!1s0x4793d8d8db925e89:0xba92ac4cb3276849!2sLinge+Memorial!8m2!3d48.083526!4d7.140328!3m4!1s0x4793d8ddb8ffffff:0xf865918dce0a94d2!8m2!3d48.0789042!4d7.1443239\" target=\"_blank\" rel=\"noopener\">Hohrod<\/a><\/span> in\u00a0Block 3, Grab 280.<\/p>\n<p><img loading=\"lazy\" decoding=\"async\" class=\"size-full wp-image-7473\" src=\"http:\/\/soldatenschicksale.de\/wp-content\/uploads\/2025\/10\/Josef-Langgartner.jpg\" alt=\"\" width=\"505\" height=\"800\" srcset=\"http:\/\/soldatenschicksale.de\/wp-content\/uploads\/2025\/10\/Josef-Langgartner.jpg 505w, http:\/\/soldatenschicksale.de\/wp-content\/uploads\/2025\/10\/Josef-Langgartner-189x300.jpg 189w\" sizes=\"auto, (max-width: 505px) 85vw, 505px\" \/><\/p>\n<p>Das Grab von Josef Langgartner auf dem Soldatenfriedhof Hohrod<\/p>\n","protected":false},"excerpt":{"rendered":"<p>Der Soldat Josef Lang stammte aus der bayerischen Gemeinde Tittling. Im Ersten Weltkrieg k\u00e4mpfte er als Offiziersstellvertreter in der 5. Kompanie des 1. bayerischen Landwehr-Infanterie-Regiments. Am 22.07.1915 fiel er w\u00e4hrend der K\u00e4mpfe in den Vogesen nahe der Stadt M\u00fcnster (franz\u00f6sisch: Munster, els\u00e4ssisch: Menschter) am Lingekopf. \u00dcber den Todestag und die Todesumst\u00e4nde von Josef Lang berichtet &hellip; <a href=\"http:\/\/soldatenschicksale.de\/?p=7472\" class=\"more-link\"><span class=\"screen-reader-text\">\u201eSoldatenschicksale des 1. Weltkrieges Teil 605: Josef Lang\u201c <\/span>weiterlesen<\/a><\/p>\n","protected":false},"author":2,"featured_media":0,"comment_status":"closed","ping_status":"open","sticky":false,"template":"","format":"standard","meta":{"footnotes":"","_wp_rev_ctl_limit":""},"categories":[1007,76,988,468,75],"tags":[1495,21,1558,303,78,990,1650,1498,1526,1486,1381,994,2452,306,239],"class_list":["post-7472","post","type-post","status-publish","format-standard","hentry","category-1-weltkrieg","category-frankreich","category-grand-est","category-vogesen-elsass","category-westfront","tag-1-bayerisches-landwehr-infanterie-regiment","tag-bayern","tag-collet-du-linge","tag-elsass","tag-frankreich","tag-grand-est","tag-hohrod","tag-lingekopf","tag-menschter","tag-muenster","tag-offizierstellvertreter","tag-regimentsgeschichte","tag-tittling","tag-vogesen","tag-westfront"],"_links":{"self":[{"href":"http:\/\/soldatenschicksale.de\/index.php?rest_route=\/wp\/v2\/posts\/7472","targetHints":{"allow":["GET"]}}],"collection":[{"href":"http:\/\/soldatenschicksale.de\/index.php?rest_route=\/wp\/v2\/posts"}],"about":[{"href":"http:\/\/soldatenschicksale.de\/index.php?rest_route=\/wp\/v2\/types\/post"}],"author":[{"embeddable":true,"href":"http:\/\/soldatenschicksale.de\/index.php?rest_route=\/wp\/v2\/users\/2"}],"replies":[{"embeddable":true,"href":"http:\/\/soldatenschicksale.de\/index.php?rest_route=%2Fwp%2Fv2%2Fcomments&post=7472"}],"version-history":[{"count":3,"href":"http:\/\/soldatenschicksale.de\/index.php?rest_route=\/wp\/v2\/posts\/7472\/revisions"}],"predecessor-version":[{"id":7479,"href":"http:\/\/soldatenschicksale.de\/index.php?rest_route=\/wp\/v2\/posts\/7472\/revisions\/7479"}],"wp:attachment":[{"href":"http:\/\/soldatenschicksale.de\/index.php?rest_route=%2Fwp%2Fv2%2Fmedia&parent=7472"}],"wp:term":[{"taxonomy":"category","embeddable":true,"href":"http:\/\/soldatenschicksale.de\/index.php?rest_route=%2Fwp%2Fv2%2Fcategories&post=7472"},{"taxonomy":"post_tag","embeddable":true,"href":"http:\/\/soldatenschicksale.de\/index.php?rest_route=%2Fwp%2Fv2%2Ftags&post=7472"}],"curies":[{"name":"wp","href":"https:\/\/api.w.org\/{rel}","templated":true}]}}