{"id":7480,"date":"2026-04-28T00:00:26","date_gmt":"2026-04-27T22:00:26","guid":{"rendered":"http:\/\/soldatenschicksale.de\/?p=7480"},"modified":"2025-10-20T20:49:16","modified_gmt":"2025-10-20T18:49:16","slug":"soldatenschicksale-des-1-weltkrieges-teil-606-anton-baumeister","status":"publish","type":"post","link":"http:\/\/soldatenschicksale.de\/?p=7480","title":{"rendered":"Soldatenschicksale des 1. Weltkrieges Teil 606: Anton Baumeister"},"content":{"rendered":"<p>Der Soldat Anton Baumeister stammte aus der bayerischen Stadt <a href=\"https:\/\/de.wikipedia.org\/wiki\/G%C3%BCnzburg\" target=\"_blank\" rel=\"noopener\">G\u00fcnzburg<\/a>. Im Ersten Weltkrieg k\u00e4mpfte er als Oberstleutnant und Stabskommandeur im Stab des II. Bataillons des 23. bayerischen Reserve-Infanterie-Regiments. Am 20.02.1915 fiel er w\u00e4hrend der K\u00e4mpfe in den Vogesen n\u00f6rdlich der Stadt <a href=\"https:\/\/de.wikipedia.org\/wiki\/Munster_(Haut-Rhin)\" target=\"_blank\" rel=\"noopener\">M\u00fcnster<\/a> (franz\u00f6sisch: Munster, els\u00e4ssisch: Menschter).<\/p>\n<p>\u00dcber den Todestag und die Todesumst\u00e4nde von Anton Baumeister berichtet die Regimentsgeschichte des 23. bayerischen Reserve-Infanterie-Regiments:<\/p>\n<blockquote><p>&#8222;Der neue Tag (20.02.1915) brachte wieder frischen Mut, insbesondere wurde freudig begr\u00fc\u00dft, dass erneutes zusammengefasstes Artilleriefeuer von 10 Uhr vormittags ab die feindliche Stellung sturmreif schie\u00dfen sollte.<\/p>\n<p>Mit inzwischen geordneten Verb\u00e4nden wurde um 11 Uhr vormittags zum vierten Sturm angetreten. In der Front unterst\u00fctzt durch 12\/bayerisches Landwehr-Infanterie-Regiment 3, von S\u00fcden her durch 3. Kompanie des Landwehr-Infanterie-Regiments 121, erk\u00e4mpfte das Bataillon wieder Schritt f\u00fcr Schritt die H\u00f6he bis zur Sturmentfernung.<\/p>\n<p>Als es dem Bataillonskommandeur, Oberstleutnant z. D. Baumeister, schien, als k\u00e4me der Angriff wieder ins Stocken, eilte er mit Handgranaten in der Hand in die dicht am Feind befindliche vordere Linie des Bataillons und feuerte durch sein Beispiel zum mutigen Vorw\u00e4rtsst\u00fcrmen an. W\u00e4hrend unter seiner F\u00fchrung die vordersten Reihen auf den Gegner eindrangen, brach der tapfere Held, der als verabschiedeter Offizier trotz vorger\u00fcckten Alters freiwillig zum Frontdienst zu den Fahnen geeilt war, von mehreren Geschossen t\u00f6dlich getroffen, zusammen. Mit den Worten &#8222;Gott sei Dank, wir haben den Berg!&#8220; fiel er an der Spitze seines Bataillons, ein leuchtendes Beispiel deutschen Heldenmuts und deutschen Pflichtgef\u00fchls. Bei dem Versuch, ihn zur Seite zu bringen, fielen drei Leute seines Bataillons, deren Namen dem Verfasser leider nicht bekannt geworden sind, erst dem vierten gelang es, den Sterbenden zu bergen.<\/p>\n<p>Kurze Zeit darauf hatten die Gefechtsgruppen Utz, Ei\u00dfenberger, Stra\u00dfer und Zimmermann (die Kompanien waren vollst\u00e4ndig vermischt) mit jugelndem Hurra die H\u00f6he genommen, die vom Feinde in wilder Flucht ger\u00e4umt wurde.<\/p>\n<p>Die Verluste betrugen 36 Tote, 75 Verwundete, 38 Vermisste. Unter den Toten befand sich auch der tapfere F\u00fchrer der 8.\/R. 23, Oberleutnant Neumeier, der, an der Spitze seiner Leute in den feindlichen Drahtverhau eingedrungen, von zwei feindlichen Geschossen getroffen, zu Boden sank.<\/p>\n<p>F\u00fcr den gefallenen Oberstleutnant Baumeister \u00fcbernahm Hauptmann Utz die F\u00fchrung des Bataillons.&#8220;<\/p><\/blockquote>\n<p>Man begrub Anton Baumeister auf dem Soldatenfriedhof <span data-sheets-root=\"1\"><a class=\"in-cell-link\" href=\"https:\/\/www.google.de\/maps\/place\/La+n%C3%A9cropole+allemande+du+Linge+Hohrod\/@48.0789162,7.1419617,494m\/data=!3m1!1e3!4m12!1m6!3m5!1s0x4793d8d8db925e89:0xba92ac4cb3276849!2sLinge+Memorial!8m2!3d48.083526!4d7.140328!3m4!1s0x4793d8ddb8ffffff:0xf865918dce0a94d2!8m2!3d48.0789042!4d7.1443239\" target=\"_blank\" rel=\"noopener\">Hohrod<\/a><\/span> in Block 3, Grab 463.<\/p>\n<figure id=\"attachment_7481\" aria-describedby=\"caption-attachment-7481\" style=\"width: 508px\" class=\"wp-caption aligncenter\"><img loading=\"lazy\" decoding=\"async\" class=\"size-full wp-image-7481\" src=\"http:\/\/soldatenschicksale.de\/wp-content\/uploads\/2025\/10\/Anton-Baumeister.jpg\" alt=\"\" width=\"508\" height=\"800\" srcset=\"http:\/\/soldatenschicksale.de\/wp-content\/uploads\/2025\/10\/Anton-Baumeister.jpg 508w, http:\/\/soldatenschicksale.de\/wp-content\/uploads\/2025\/10\/Anton-Baumeister-191x300.jpg 191w\" sizes=\"auto, (max-width: 508px) 85vw, 508px\" \/><figcaption id=\"caption-attachment-7481\" class=\"wp-caption-text\">Das Grab von Anton Baumeister auf dem Soldatenfriedhof Hohrod<\/figcaption><\/figure>\n","protected":false},"excerpt":{"rendered":"<p>Der Soldat Anton Baumeister stammte aus der bayerischen Stadt G\u00fcnzburg. Im Ersten Weltkrieg k\u00e4mpfte er als Oberstleutnant und Stabskommandeur im Stab des II. Bataillons des 23. bayerischen Reserve-Infanterie-Regiments. Am 20.02.1915 fiel er w\u00e4hrend der K\u00e4mpfe in den Vogesen n\u00f6rdlich der Stadt M\u00fcnster (franz\u00f6sisch: Munster, els\u00e4ssisch: Menschter). \u00dcber den Todestag und die Todesumst\u00e4nde von Anton Baumeister &hellip; <a href=\"http:\/\/soldatenschicksale.de\/?p=7480\" class=\"more-link\"><span class=\"screen-reader-text\">\u201eSoldatenschicksale des 1. Weltkrieges Teil 606: Anton Baumeister\u201c <\/span>weiterlesen<\/a><\/p>\n","protected":false},"author":2,"featured_media":0,"comment_status":"closed","ping_status":"open","sticky":false,"template":"","format":"standard","meta":{"footnotes":"","_wp_rev_ctl_limit":""},"categories":[1007,76,988,468,75],"tags":[2117,21,303,78,990,2453,1650,1526,1486,1034,994,1042,2454,306,239],"class_list":["post-7480","post","type-post","status-publish","format-standard","hentry","category-1-weltkrieg","category-frankreich","category-grand-est","category-vogesen-elsass","category-westfront","tag-23-bayerisches-reserve-infanterie-regiment","tag-bayern","tag-elsass","tag-frankreich","tag-grand-est","tag-guenzburg","tag-hohrod","tag-menschter","tag-muenster","tag-oberstleutnant","tag-regimentsgeschichte","tag-stab","tag-stabskommandeur","tag-vogesen","tag-westfront"],"_links":{"self":[{"href":"http:\/\/soldatenschicksale.de\/index.php?rest_route=\/wp\/v2\/posts\/7480","targetHints":{"allow":["GET"]}}],"collection":[{"href":"http:\/\/soldatenschicksale.de\/index.php?rest_route=\/wp\/v2\/posts"}],"about":[{"href":"http:\/\/soldatenschicksale.de\/index.php?rest_route=\/wp\/v2\/types\/post"}],"author":[{"embeddable":true,"href":"http:\/\/soldatenschicksale.de\/index.php?rest_route=\/wp\/v2\/users\/2"}],"replies":[{"embeddable":true,"href":"http:\/\/soldatenschicksale.de\/index.php?rest_route=%2Fwp%2Fv2%2Fcomments&post=7480"}],"version-history":[{"count":3,"href":"http:\/\/soldatenschicksale.de\/index.php?rest_route=\/wp\/v2\/posts\/7480\/revisions"}],"predecessor-version":[{"id":7487,"href":"http:\/\/soldatenschicksale.de\/index.php?rest_route=\/wp\/v2\/posts\/7480\/revisions\/7487"}],"wp:attachment":[{"href":"http:\/\/soldatenschicksale.de\/index.php?rest_route=%2Fwp%2Fv2%2Fmedia&parent=7480"}],"wp:term":[{"taxonomy":"category","embeddable":true,"href":"http:\/\/soldatenschicksale.de\/index.php?rest_route=%2Fwp%2Fv2%2Fcategories&post=7480"},{"taxonomy":"post_tag","embeddable":true,"href":"http:\/\/soldatenschicksale.de\/index.php?rest_route=%2Fwp%2Fv2%2Ftags&post=7480"}],"curies":[{"name":"wp","href":"https:\/\/api.w.org\/{rel}","templated":true}]}}