{"id":7488,"date":"2026-04-29T00:00:22","date_gmt":"2026-04-28T22:00:22","guid":{"rendered":"http:\/\/soldatenschicksale.de\/?p=7488"},"modified":"2025-10-20T21:02:59","modified_gmt":"2025-10-20T19:02:59","slug":"soldatenschicksale-des-1-weltkrieges-teil-607-friedrich-scholl","status":"publish","type":"post","link":"http:\/\/soldatenschicksale.de\/?p=7488","title":{"rendered":"Soldatenschicksale des 1. Weltkrieges Teil 607: Friedrich Scholl"},"content":{"rendered":"<p>Der Soldat Friedrich Scholl stammte aus <a href=\"https:\/\/de.wikipedia.org\/wiki\/Hertmannsweiler\" target=\"_blank\" rel=\"noopener\">Hertmannsweiler<\/a>, einem Ortsteil der Stadt <a href=\"https:\/\/de.wikipedia.org\/wiki\/Winnenden\" target=\"_blank\" rel=\"noopener\">Winnenden<\/a> im heutigen Bundesland Baden-W\u00fcrttemberg. Im Ersten Weltkrieg k\u00e4mpfte er als Landsturmmann in der 16. Kompanie des 121. Landwehr-Infanterie-Regiments. Am 03.11.1914 fiel er w\u00e4hrend der K\u00e4mpfe in den Vogesen n\u00f6rdlich der Stadt <a href=\"https:\/\/de.wikipedia.org\/wiki\/Munster_(Haut-Rhin)\" target=\"_blank\" rel=\"noopener\">M\u00fcnster<\/a> (franz\u00f6sisch: Munster, els\u00e4ssisch: Menschter).<\/p>\n<p>Man begrub Friedrich Scholl auf dem Soldatenfriedhof <span data-sheets-root=\"1\"><a class=\"in-cell-link\" href=\"https:\/\/www.google.de\/maps\/place\/La+n%C3%A9cropole+allemande+du+Linge+Hohrod\/@48.0789162,7.1419617,494m\/data=!3m1!1e3!4m12!1m6!3m5!1s0x4793d8d8db925e89:0xba92ac4cb3276849!2sLinge+Memorial!8m2!3d48.083526!4d7.140328!3m4!1s0x4793d8ddb8ffffff:0xf865918dce0a94d2!8m2!3d48.0789042!4d7.1443239\" target=\"_blank\" rel=\"noopener\">Hohrod<\/a><\/span> in <span data-sheets-root=\"1\">Block 3, Grab 462.<\/span><\/p>\n<figure id=\"attachment_7489\" aria-describedby=\"caption-attachment-7489\" style=\"width: 488px\" class=\"wp-caption aligncenter\"><img loading=\"lazy\" decoding=\"async\" class=\"size-full wp-image-7489\" src=\"http:\/\/soldatenschicksale.de\/wp-content\/uploads\/2025\/10\/Friedrich-Scholl.jpg\" alt=\"\" width=\"488\" height=\"800\" srcset=\"http:\/\/soldatenschicksale.de\/wp-content\/uploads\/2025\/10\/Friedrich-Scholl.jpg 488w, http:\/\/soldatenschicksale.de\/wp-content\/uploads\/2025\/10\/Friedrich-Scholl-183x300.jpg 183w\" sizes=\"auto, (max-width: 488px) 85vw, 488px\" \/><figcaption id=\"caption-attachment-7489\" class=\"wp-caption-text\">Das Grab von Friedrich Scholl auf dem Soldatenfriedhof Hohrod<\/figcaption><\/figure>\n","protected":false},"excerpt":{"rendered":"<p>Der Soldat Friedrich Scholl stammte aus Hertmannsweiler, einem Ortsteil der Stadt Winnenden im heutigen Bundesland Baden-W\u00fcrttemberg. Im Ersten Weltkrieg k\u00e4mpfte er als Landsturmmann in der 16. Kompanie des 121. Landwehr-Infanterie-Regiments. Am 03.11.1914 fiel er w\u00e4hrend der K\u00e4mpfe in den Vogesen n\u00f6rdlich der Stadt M\u00fcnster (franz\u00f6sisch: Munster, els\u00e4ssisch: Menschter). Man begrub Friedrich Scholl auf dem Soldatenfriedhof &hellip; <a href=\"http:\/\/soldatenschicksale.de\/?p=7488\" class=\"more-link\"><span class=\"screen-reader-text\">\u201eSoldatenschicksale des 1. Weltkrieges Teil 607: Friedrich Scholl\u201c <\/span>weiterlesen<\/a><\/p>\n","protected":false},"author":2,"featured_media":0,"comment_status":"closed","ping_status":"open","sticky":false,"template":"","format":"standard","meta":{"footnotes":"","_wp_rev_ctl_limit":""},"categories":[1007,76,988,468,75],"tags":[1654,99,303,78,990,2455,1650,1094,1526,1486,306,239,2456],"class_list":["post-7488","post","type-post","status-publish","format-standard","hentry","category-1-weltkrieg","category-frankreich","category-grand-est","category-vogesen-elsass","category-westfront","tag-121-landwehr-infanterie-regiment","tag-baden-wuerttemberg","tag-elsass","tag-frankreich","tag-grand-est","tag-hertmannsweiler","tag-hohrod","tag-landsturmmann","tag-menschter","tag-muenster","tag-vogesen","tag-westfront","tag-winnenden"],"_links":{"self":[{"href":"http:\/\/soldatenschicksale.de\/index.php?rest_route=\/wp\/v2\/posts\/7488","targetHints":{"allow":["GET"]}}],"collection":[{"href":"http:\/\/soldatenschicksale.de\/index.php?rest_route=\/wp\/v2\/posts"}],"about":[{"href":"http:\/\/soldatenschicksale.de\/index.php?rest_route=\/wp\/v2\/types\/post"}],"author":[{"embeddable":true,"href":"http:\/\/soldatenschicksale.de\/index.php?rest_route=\/wp\/v2\/users\/2"}],"replies":[{"embeddable":true,"href":"http:\/\/soldatenschicksale.de\/index.php?rest_route=%2Fwp%2Fv2%2Fcomments&post=7488"}],"version-history":[{"count":3,"href":"http:\/\/soldatenschicksale.de\/index.php?rest_route=\/wp\/v2\/posts\/7488\/revisions"}],"predecessor-version":[{"id":7494,"href":"http:\/\/soldatenschicksale.de\/index.php?rest_route=\/wp\/v2\/posts\/7488\/revisions\/7494"}],"wp:attachment":[{"href":"http:\/\/soldatenschicksale.de\/index.php?rest_route=%2Fwp%2Fv2%2Fmedia&parent=7488"}],"wp:term":[{"taxonomy":"category","embeddable":true,"href":"http:\/\/soldatenschicksale.de\/index.php?rest_route=%2Fwp%2Fv2%2Fcategories&post=7488"},{"taxonomy":"post_tag","embeddable":true,"href":"http:\/\/soldatenschicksale.de\/index.php?rest_route=%2Fwp%2Fv2%2Ftags&post=7488"}],"curies":[{"name":"wp","href":"https:\/\/api.w.org\/{rel}","templated":true}]}}