{"id":7501,"date":"2026-05-01T00:00:25","date_gmt":"2026-04-30T22:00:25","guid":{"rendered":"http:\/\/soldatenschicksale.de\/?p=7501"},"modified":"2025-10-20T21:33:49","modified_gmt":"2025-10-20T19:33:49","slug":"soldatenschicksale-des-1-weltkrieges-teil-609-dietrich-patjens","status":"publish","type":"post","link":"http:\/\/soldatenschicksale.de\/?p=7501","title":{"rendered":"Soldatenschicksale des 1. Weltkrieges Teil 609: Dietrich Patjens"},"content":{"rendered":"<p>Der Soldat Dietrich Patjens stammte aus <a href=\"https:\/\/de.wikipedia.org\/wiki\/H%C3%BCll_(Drochtersen)\" target=\"_blank\" rel=\"noopener\">Oberh\u00fcll<\/a>, einem Ortsteil der nieders\u00e4chsischen Gemeinde <a href=\"https:\/\/de.wikipedia.org\/wiki\/Drochtersen\" target=\"_blank\" rel=\"noopener\">Drochtersen<\/a>. Im Ersten Weltkrieg k\u00e4mpfte er als Kanonier in der 359. Fu\u00dfartillerie-Batterie\u00a0 des 20. Landwehr-Fu\u00dfartillerie-Bataillons. Am 07.08.1915 fiel er w\u00e4hrend der K\u00e4mpfe in den Vogesen n\u00f6rdlich der Stadt <a href=\"https:\/\/de.wikipedia.org\/wiki\/Munster_(Haut-Rhin)\" target=\"_blank\" rel=\"noopener\">M\u00fcnster<\/a> (franz\u00f6sisch: Munster, els\u00e4ssisch: Menschter).<\/p>\n<p>Man begrub Dietrich Patjens auf dem Soldatenfriedhof <span data-sheets-root=\"1\"><a class=\"in-cell-link\" href=\"https:\/\/goo.gl\/maps\/P4rSTZbxnXm\" target=\"_blank\" rel=\"noopener\">Munster<\/a><\/span> in <span data-sheets-root=\"1\">Block 4, Grab 2.<\/span><\/p>\n<p>In seinem Heimatort H\u00fcll gedenkt man Dietrich Patjens noch heute auf einem Denkmal: <a href=\"http:\/\/www.denkmalprojekt.org\/2009\/huell_wk1u2_ns.htm\" target=\"_blank\" rel=\"noopener\">http:\/\/www.denkmalprojekt.org\/2009\/huell_wk1u2_ns.htm<\/a><\/p>\n<figure id=\"attachment_4121\" aria-describedby=\"caption-attachment-4121\" style=\"width: 613px\" class=\"wp-caption aligncenter\"><img loading=\"lazy\" decoding=\"async\" class=\"size-full wp-image-4121\" src=\"http:\/\/soldatenschicksale.de\/wp-content\/uploads\/2025\/02\/Dietrich-Patjens-Heinrich-Meyer.jpg\" alt=\"\" width=\"613\" height=\"800\" srcset=\"http:\/\/soldatenschicksale.de\/wp-content\/uploads\/2025\/02\/Dietrich-Patjens-Heinrich-Meyer.jpg 613w, http:\/\/soldatenschicksale.de\/wp-content\/uploads\/2025\/02\/Dietrich-Patjens-Heinrich-Meyer-230x300.jpg 230w\" sizes=\"auto, (max-width: 709px) 85vw, (max-width: 909px) 67vw, (max-width: 984px) 61vw, (max-width: 1362px) 45vw, 600px\" \/><figcaption id=\"caption-attachment-4121\" class=\"wp-caption-text\">Das Grab von Dietrich Patjens und Heinrich Meyer auf dem Soldatenfriedhof M\u00fcnster<\/figcaption><\/figure>\n<p>&nbsp;<\/p>\n","protected":false},"excerpt":{"rendered":"<p>Der Soldat Dietrich Patjens stammte aus Oberh\u00fcll, einem Ortsteil der nieders\u00e4chsischen Gemeinde Drochtersen. Im Ersten Weltkrieg k\u00e4mpfte er als Kanonier in der 359. Fu\u00dfartillerie-Batterie\u00a0 des 20. Landwehr-Fu\u00dfartillerie-Bataillons. Am 07.08.1915 fiel er w\u00e4hrend der K\u00e4mpfe in den Vogesen n\u00f6rdlich der Stadt M\u00fcnster (franz\u00f6sisch: Munster, els\u00e4ssisch: Menschter). Man begrub Dietrich Patjens auf dem Soldatenfriedhof Munster in Block &hellip; <a href=\"http:\/\/soldatenschicksale.de\/?p=7501\" class=\"more-link\"><span class=\"screen-reader-text\">\u201eSoldatenschicksale des 1. Weltkrieges Teil 609: Dietrich Patjens\u201c <\/span>weiterlesen<\/a><\/p>\n","protected":false},"author":2,"featured_media":0,"comment_status":"closed","ping_status":"open","sticky":false,"template":"","format":"standard","meta":{"footnotes":"","_wp_rev_ctl_limit":""},"categories":[1007,76,988,468,75],"tags":[2462,2463,30,2459,303,78,990,2461,747,1526,1486,2460,306,239],"class_list":["post-7501","post","type-post","status-publish","format-standard","hentry","category-1-weltkrieg","category-frankreich","category-grand-est","category-vogesen-elsass","category-westfront","tag-20-landwehr-fussartillerie-bataillon","tag-359-fussartillerie-batterie","tag-denkmal","tag-drochtersen","tag-elsass","tag-frankreich","tag-grand-est","tag-huell","tag-kanonier","tag-menschter","tag-muenster","tag-oberhuell","tag-vogesen","tag-westfront"],"_links":{"self":[{"href":"http:\/\/soldatenschicksale.de\/index.php?rest_route=\/wp\/v2\/posts\/7501","targetHints":{"allow":["GET"]}}],"collection":[{"href":"http:\/\/soldatenschicksale.de\/index.php?rest_route=\/wp\/v2\/posts"}],"about":[{"href":"http:\/\/soldatenschicksale.de\/index.php?rest_route=\/wp\/v2\/types\/post"}],"author":[{"embeddable":true,"href":"http:\/\/soldatenschicksale.de\/index.php?rest_route=\/wp\/v2\/users\/2"}],"replies":[{"embeddable":true,"href":"http:\/\/soldatenschicksale.de\/index.php?rest_route=%2Fwp%2Fv2%2Fcomments&post=7501"}],"version-history":[{"count":4,"href":"http:\/\/soldatenschicksale.de\/index.php?rest_route=\/wp\/v2\/posts\/7501\/revisions"}],"predecessor-version":[{"id":7509,"href":"http:\/\/soldatenschicksale.de\/index.php?rest_route=\/wp\/v2\/posts\/7501\/revisions\/7509"}],"wp:attachment":[{"href":"http:\/\/soldatenschicksale.de\/index.php?rest_route=%2Fwp%2Fv2%2Fmedia&parent=7501"}],"wp:term":[{"taxonomy":"category","embeddable":true,"href":"http:\/\/soldatenschicksale.de\/index.php?rest_route=%2Fwp%2Fv2%2Fcategories&post=7501"},{"taxonomy":"post_tag","embeddable":true,"href":"http:\/\/soldatenschicksale.de\/index.php?rest_route=%2Fwp%2Fv2%2Ftags&post=7501"}],"curies":[{"name":"wp","href":"https:\/\/api.w.org\/{rel}","templated":true}]}}