{"id":761,"date":"2021-05-19T00:00:47","date_gmt":"2021-05-18T23:00:47","guid":{"rendered":"http:\/\/soldatenschicksale.de\/?p=761"},"modified":"2021-05-15T14:54:51","modified_gmt":"2021-05-15T13:54:51","slug":"soldatenschicksale-des-2-weltkrieges-teil-88-willy-duyster","status":"publish","type":"post","link":"http:\/\/soldatenschicksale.de\/?p=761","title":{"rendered":"Soldatenschicksale des 2. Weltkrieges Teil 88: Willy Duyster"},"content":{"rendered":"<p>Willy Duyster wurde am 15.07.1912 in <a href=\"https:\/\/de.wikipedia.org\/wiki\/Raeren\" target=\"_blank\" rel=\"noopener\">Raeren<\/a> geboren. Bei seiner Geburt ware Raeren Teil des Deutsche Reichs. Es wurde 1920 durch den Versailler Vertrag an Belgien abgetreten. 1940 wurde Belgien von der Deutschen Wehrmacht besetzt und Raeren wurde wieder deutsch. 1942 wurde Willy Duyster als Gefreiter zur Wehrmacht einberufen. Am 30.11.1942 wurde er w\u00e4hrend der K\u00e4mpfe in der Molodey-Tud-Stellung bei Scharki und Wanino-Motorino durch einen Herzschuss get\u00f6tet.<\/p>\n<p>Man begrub Willy Duyster auf dem Soldatenfriedhof <a href=\"https:\/\/de.wikipedia.org\/wiki\/Rschew\" target=\"_blank\" rel=\"noopener\">Rshew<\/a> in Block 10, Reihe 41, Grab 2.002.<\/p>\n<p>Morgen stelle ich das Schicksal seines Bruders Johann vor.<\/p>\n<figure id=\"attachment_729\" aria-describedby=\"caption-attachment-729\" style=\"width: 800px\" class=\"wp-caption aligncenter\"><img loading=\"lazy\" decoding=\"async\" class=\"size-full wp-image-729\" src=\"http:\/\/soldatenschicksale.de\/wp-content\/uploads\/2021\/05\/Willy-Duyster-vorne.jpg\" alt=\"\" width=\"800\" height=\"657\" srcset=\"http:\/\/soldatenschicksale.de\/wp-content\/uploads\/2021\/05\/Willy-Duyster-vorne.jpg 800w, http:\/\/soldatenschicksale.de\/wp-content\/uploads\/2021\/05\/Willy-Duyster-vorne-300x246.jpg 300w, http:\/\/soldatenschicksale.de\/wp-content\/uploads\/2021\/05\/Willy-Duyster-vorne-768x631.jpg 768w\" sizes=\"auto, (max-width: 709px) 85vw, (max-width: 909px) 67vw, (max-width: 984px) 61vw, (max-width: 1362px) 45vw, 600px\" \/><figcaption id=\"caption-attachment-729\" class=\"wp-caption-text\">Sterbebild von Willy Duyster<\/figcaption><\/figure>\n<figure id=\"attachment_728\" aria-describedby=\"caption-attachment-728\" style=\"width: 800px\" class=\"wp-caption aligncenter\"><img loading=\"lazy\" decoding=\"async\" class=\"size-full wp-image-728\" src=\"http:\/\/soldatenschicksale.de\/wp-content\/uploads\/2021\/05\/Willy-Duyster-hinten.jpg\" alt=\"\" width=\"800\" height=\"657\" srcset=\"http:\/\/soldatenschicksale.de\/wp-content\/uploads\/2021\/05\/Willy-Duyster-hinten.jpg 800w, http:\/\/soldatenschicksale.de\/wp-content\/uploads\/2021\/05\/Willy-Duyster-hinten-300x246.jpg 300w, http:\/\/soldatenschicksale.de\/wp-content\/uploads\/2021\/05\/Willy-Duyster-hinten-768x631.jpg 768w\" sizes=\"auto, (max-width: 709px) 85vw, (max-width: 909px) 67vw, (max-width: 984px) 61vw, (max-width: 1362px) 45vw, 600px\" \/><figcaption id=\"caption-attachment-728\" class=\"wp-caption-text\">R\u00fcckseite des Sterbebildes von Willy Duyster<\/figcaption><\/figure>\n","protected":false},"excerpt":{"rendered":"<p>Willy Duyster wurde am 15.07.1912 in Raeren geboren. Bei seiner Geburt ware Raeren Teil des Deutsche Reichs. Es wurde 1920 durch den Versailler Vertrag an Belgien abgetreten. 1940 wurde Belgien von der Deutschen Wehrmacht besetzt und Raeren wurde wieder deutsch. 1942 wurde Willy Duyster als Gefreiter zur Wehrmacht einberufen. Am 30.11.1942 wurde er w\u00e4hrend der &hellip; <a href=\"http:\/\/soldatenschicksale.de\/?p=761\" class=\"more-link\"><span class=\"screen-reader-text\">\u201eSoldatenschicksale des 2. Weltkrieges Teil 88: Willy Duyster\u201c <\/span>weiterlesen<\/a><\/p>\n","protected":false},"author":2,"featured_media":0,"comment_status":"closed","ping_status":"open","sticky":false,"template":"","format":"standard","meta":{"footnotes":"","_wp_rev_ctl_limit":""},"categories":[4,31],"tags":[204,22,479,476,475,473,474,477,480,478,14],"class_list":["post-761","post","type-post","status-publish","format-standard","hentry","category-ostfront","category-russland","tag-belgien","tag-bruder","tag-herzschuss","tag-molodey-tud-stellung","tag-ostbelgien","tag-ostbelgier","tag-raeren","tag-scharki","tag-versailler-vertrag","tag-wanino-motorino","tag-wehrmacht"],"_links":{"self":[{"href":"http:\/\/soldatenschicksale.de\/index.php?rest_route=\/wp\/v2\/posts\/761","targetHints":{"allow":["GET"]}}],"collection":[{"href":"http:\/\/soldatenschicksale.de\/index.php?rest_route=\/wp\/v2\/posts"}],"about":[{"href":"http:\/\/soldatenschicksale.de\/index.php?rest_route=\/wp\/v2\/types\/post"}],"author":[{"embeddable":true,"href":"http:\/\/soldatenschicksale.de\/index.php?rest_route=\/wp\/v2\/users\/2"}],"replies":[{"embeddable":true,"href":"http:\/\/soldatenschicksale.de\/index.php?rest_route=%2Fwp%2Fv2%2Fcomments&post=761"}],"version-history":[{"count":0,"href":"http:\/\/soldatenschicksale.de\/index.php?rest_route=\/wp\/v2\/posts\/761\/revisions"}],"wp:attachment":[{"href":"http:\/\/soldatenschicksale.de\/index.php?rest_route=%2Fwp%2Fv2%2Fmedia&parent=761"}],"wp:term":[{"taxonomy":"category","embeddable":true,"href":"http:\/\/soldatenschicksale.de\/index.php?rest_route=%2Fwp%2Fv2%2Fcategories&post=761"},{"taxonomy":"post_tag","embeddable":true,"href":"http:\/\/soldatenschicksale.de\/index.php?rest_route=%2Fwp%2Fv2%2Ftags&post=761"}],"curies":[{"name":"wp","href":"https:\/\/api.w.org\/{rel}","templated":true}]}}